{"id":130648,"date":"2021-10-21T13:18:01","date_gmt":"2021-10-21T17:18:01","guid":{"rendered":"https:\/\/linitiative.ca\/International\/lafrique-doit-produire-plus-delectricite-etude\/"},"modified":"2021-10-21T13:18:01","modified_gmt":"2021-10-21T17:18:01","slug":"lafrique-doit-produire-plus-delectricite-etude","status":"publish","type":"post","link":"https:\/\/linitiative.ca\/International\/lafrique-doit-produire-plus-delectricite-etude\/","title":{"rendered":"L\u2019Afrique doit produire plus d\u2019\u00e9lectricit\u00e9 (\u00e9tude)"},"content":{"rendered":"<div>\n<p><img loading=\"lazy\" decoding=\"async\" width=\"233\" height=\"216\" src=\"https:\/\/linitiative.ca\/International\/wp-content\/uploads\/sites\/23\/2021\/10\/16348366817382.jpg\" class=\"attachment-post-thumbnail size-post-thumbnail wp-post-image\" alt=\"\"><\/p>\n<p>Pr\u00e8s de la moiti\u00e9 de la population du continent n&rsquo;a pas acc\u00e8s \u00e0 l&rsquo;\u00e9lectricit\u00e9 selon le rapport de la Chambre africaine de l&rsquo;\u00e9nergie (Chambers) parvenu jeudi \u00e0 APA.La production \u00e9nerg\u00e9tique de l&rsquo;Afrique est en de\u00e7\u00e0 de ses besoins. Selon les perspectives de Chambers en 2022, plus de 580 millions (pr\u00e8s de 46%) de la population du continent n&rsquo;ont pas acc\u00e8s \u00e0 l&rsquo;\u00e9lectricit\u00e9.<\/p>\n<p>Pour \u00ab faire dispara\u00eetre la pauvret\u00e9 \u00e9nerg\u00e9tique d&rsquo;ici 2030 \u00bb, sugg\u00e8re l&rsquo;\u00e9tude, la capacit\u00e9 de production d&rsquo;\u00e9lectricit\u00e9 de l&rsquo;Afrique doit augmenter rapidement de plus de 6 % par an. Cela permettra de soutenir une croissance \u00e9conomique forte, favoriser l&rsquo;industrialisation et pr\u00e9server les moyens de subsistance.<\/p>\n<p>Par ailleurs, souligne le document, malgr\u00e9 la croissance attendue de la production d&rsquo;\u00e9nergie renouvelable en Afrique de pr\u00e8s de 14,5 % en 2021, cela ne suffira pas pour endiguer la baisse globale de la production de 2,5 % provoqu\u00e9e par la pand\u00e9mie.<\/p>\n<p>En outre, l&rsquo;\u00e9tude r\u00e9v\u00e8le que les combustibles conventionnels tels que le charbon, le p\u00e9trole et le gaz naturel repr\u00e9sentaient collectivement les trois quarts (75 %) de la production d&rsquo;\u00e9lectricit\u00e9 en Afrique. Le rapport conclut donc que les mesures rapides pour atteindre le net z\u00e9ro (aucune \u00e9mission nette de CO2, cela veut dire que nous n&rsquo;ajoutons pas de nouvelles quantit\u00e9s de CO2 dans l&rsquo;atmosph\u00e8re) \u00e0 tout prix auront un impact n\u00e9gatif grave sur l&rsquo;Afrique et donc hautement d\u00e9conseill\u00e9es.<\/p>\n<p>De plus, renseigne le rapport, le secteur p\u00e9trolier et gazier devrait conna\u00eetre une augmentation des activit\u00e9s d&rsquo;investissement en 2022 en raison de l&rsquo;am\u00e9lioration des flux de tr\u00e9sorerie des soci\u00e9t\u00e9s p\u00e9troli\u00e8res et gazi\u00e8res. Cela se fera en particulier dans la derni\u00e8re partie de 2021 suite \u00e0 la reprise de la demande et de l&rsquo;offre par rapport aux faibles niveaux de 2020.<\/p>\n<p>L&rsquo;industrie gazi\u00e8re poursuivra quant \u00e0 elle son expansion accrue aux projets gaziers, suite \u00e0 l&rsquo;augmentation de la demande de gaz qui s&rsquo;impose comme une force cl\u00e9 dans la dynamique de transition \u00e9nerg\u00e9tique, tout en r\u00e9pondant aux besoins \u00e9nerg\u00e9tiques du continent.<\/p>\n<p>Le rapport l&rsquo;\u00e9nergie en Afrique 2022 d\u00e9crit l&rsquo;\u00e9tat attendu de l&rsquo;industrie du p\u00e9trole, du gaz et de l&rsquo;\u00e9lectricit\u00e9 en 2022, en mettant l&rsquo;accent sur les effets de la transition \u00e9nerg\u00e9tique. Cette perspective est le guide de la Chambre \u00e0 l&rsquo;intention des principaux acteurs du secteur de l&rsquo;\u00e9nergie. Plus d&rsquo;une douzaine de pays africains utilisent d\u00e9j\u00e0 du gaz naturel qu&rsquo;ils produisent eux-m\u00eames ou importent d&rsquo;autres pays pour produire de l&rsquo;\u00e9lectricit\u00e9. Et de nouveaux projets sont en route.<\/p>\n<p>L&rsquo;\u00e9tude est le r\u00e9sultat d&rsquo;une solide coop\u00e9ration r\u00e9gionale et internationale entre la Chambre africaine de l&rsquo;\u00e9nergie, les gouvernements et d&rsquo;autres acteurs majeurs des secteurs public et priv\u00e9 \u00e0 travers l&rsquo;Afrique. Elle rassemble les derni\u00e8res donn\u00e9es disponibles sur le secteur \u00e9nerg\u00e9tique de l&rsquo;Afrique et b\u00e9n\u00e9ficie des connaissances des principales entreprises et experts locaux, r\u00e9gionaux et internationaux.<\/p>\n<p>Cet article <a rel=\"nofollow\" href=\"https:\/\/www.journalducameroun.com\/lafrique-doit-produire-plus-delectricite-etude\/\">L\u2019Afrique doit produire plus d\u2019\u00e9lectricit\u00e9 (\u00e9tude)<\/a> est apparu en premier sur <a rel=\"nofollow\" href=\"https:\/\/www.journalducameroun.com\/\">Journal du Cameroun<\/a>.<\/p>\n<\/div>\n<p>Auteur: APA News<br \/>\n<a href=\"https:\/\/www.journalducameroun.com\/lafrique-doit-produire-plus-delectricite-etude\/\">Cliquez ici pour lire l&rsquo;article depuis sa source.<\/a><\/p>\n","protected":false},"excerpt":{"rendered":"<p>Pr\u00e8s de la moiti\u00e9 de la population du continent n&rsquo;a pas acc\u00e8s \u00e0 l&rsquo;\u00e9lectricit\u00e9 selon le rapport de la Chambre africaine de l&rsquo;\u00e9nergie (Chambers) parvenu jeudi \u00e0 APA.La production \u00e9nerg\u00e9tique de l&rsquo;Afrique est en de\u00e7\u00e0 de ses besoins. Selon les perspectives de Chambers en 2022, plus de 580 millions (pr\u00e8s de 46%) de la population [&hellip;]<\/p>\n","protected":false},"author":1965,"featured_media":0,"comment_status":"closed","ping_status":"closed","sticky":false,"template":"","format":"standard","meta":{"fifu_image_url":"https:\/\/www.journalducameroun.com\/wp-content\/uploads\/2021\/10\/16348366817382.jpg","fifu_image_alt":"L\u2019Afrique doit produire plus d\u2019\u00e9lectricit\u00e9 (\u00e9tude)","footnotes":""},"categories":[73,82],"tags":[],"class_list":["post-130648","post","type-post","status-publish","format-standard","hentry","category-actualite","category-cameroun"],"_links":{"self":[{"href":"https:\/\/linitiative.ca\/International\/wp-json\/wp\/v2\/posts\/130648","targetHints":{"allow":["GET"]}}],"collection":[{"href":"https:\/\/linitiative.ca\/International\/wp-json\/wp\/v2\/posts"}],"about":[{"href":"https:\/\/linitiative.ca\/International\/wp-json\/wp\/v2\/types\/post"}],"author":[{"embeddable":true,"href":"https:\/\/linitiative.ca\/International\/wp-json\/wp\/v2\/users\/1965"}],"replies":[{"embeddable":true,"href":"https:\/\/linitiative.ca\/International\/wp-json\/wp\/v2\/comments?post=130648"}],"version-history":[{"count":0,"href":"https:\/\/linitiative.ca\/International\/wp-json\/wp\/v2\/posts\/130648\/revisions"}],"wp:attachment":[{"href":"https:\/\/linitiative.ca\/International\/wp-json\/wp\/v2\/media?parent=130648"}],"wp:term":[{"taxonomy":"category","embeddable":true,"href":"https:\/\/linitiative.ca\/International\/wp-json\/wp\/v2\/categories?post=130648"},{"taxonomy":"post_tag","embeddable":true,"href":"https:\/\/linitiative.ca\/International\/wp-json\/wp\/v2\/tags?post=130648"}],"curies":[{"name":"wp","href":"https:\/\/api.w.org\/{rel}","templated":true}]}}