{"id":130652,"date":"2021-10-21T14:18:01","date_gmt":"2021-10-21T18:18:01","guid":{"rendered":"https:\/\/linitiative.ca\/International\/cote-divoire-plaidoyer-pour-lintegration-de-modules-sur-le-vih-dans-les-ufr-de-droit\/"},"modified":"2021-10-21T14:18:01","modified_gmt":"2021-10-21T18:18:01","slug":"cote-divoire-plaidoyer-pour-lintegration-de-modules-sur-le-vih-dans-les-ufr-de-droit","status":"publish","type":"post","link":"https:\/\/linitiative.ca\/International\/cote-divoire-plaidoyer-pour-lintegration-de-modules-sur-le-vih-dans-les-ufr-de-droit\/","title":{"rendered":"C\u00f4te d\u2019Ivoire: plaidoyer pour l\u2019int\u00e9gration de modules sur le VIH dans les UFR de droit"},"content":{"rendered":"<div>\n<p><img loading=\"lazy\" decoding=\"async\" width=\"1080\" height=\"607\" src=\"https:\/\/linitiative.ca\/International\/wp-content\/uploads\/sites\/23\/2021\/10\/16348402812420.jpg\" class=\"attachment-post-thumbnail size-post-thumbnail wp-post-image\" alt=\"\" srcset=\"https:\/\/linitiative.ca\/International\/wp-content\/uploads\/sites\/23\/2021\/10\/16348402812420.jpg 1080w, https:\/\/www.journalducameroun.com\/wp-content\/uploads\/2021\/10\/16348402812420-300x169.jpg 300w, https:\/\/www.journalducameroun.com\/wp-content\/uploads\/2021\/10\/16348402812420-768x432.jpg 768w, https:\/\/www.journalducameroun.com\/wp-content\/uploads\/2021\/10\/16348402812420-1024x576.jpg 1024w, https:\/\/www.journalducameroun.com\/wp-content\/uploads\/2021\/10\/16348402812420-380x215.jpg 380w, https:\/\/www.journalducameroun.com\/wp-content\/uploads\/2021\/10\/16348402812420-160x90.jpg 160w, https:\/\/www.journalducameroun.com\/wp-content\/uploads\/2021\/10\/16348402812420-240x135.jpg 240w, https:\/\/www.journalducameroun.com\/wp-content\/uploads\/2021\/10\/16348402812420-783x440.jpg 783w, https:\/\/www.journalducameroun.com\/wp-content\/uploads\/2021\/10\/16348402812420-600x337.jpg 600w\" sizes=\"auto, (max-width: 1080px) 100vw, 1080px\"><\/p>\n<p>L&rsquo;ONG ENDA Sant\u00e9 C\u00f4te d&rsquo;Ivoire plaide pour l&rsquo;int\u00e9gration de modules sur \u00ab\u00a0les droits humains et VIH\u00a0\u00bb et \u00ab\u00a0les droits des populations vuln\u00e9rables au VIH\u00a0\u00bb dans les Unit\u00e9s de formation et de recherche (UFR) de droit des universit\u00e9s publiques ivoiriennes.<\/p>\n<p>\u00ab\u00a0Pour les facult\u00e9s publiques, on s&rsquo;arr\u00eate encore sur les g\u00e9n\u00e9ralit\u00e9s sur les droits humains (&#8230;) mais les droits qui f\u00e2chent, on en parle pas encore\u00a0\u00bb, tels les droits des personnes en situation de handicap, a dit mercredi \u00e0 Abidjan M. Alain Kra, un responsable de l&rsquo;ONG, en marge d&rsquo;une pr\u00e9sentation du projet.\u00a0<\/p>\n<p>M. Kra, chef de D\u00e9partement droits humains de l&rsquo;ONG ENDA Sant\u00e9 C\u00f4te d&rsquo;Ivoire, s&rsquo;exprimait \u00e0 l&rsquo;occasion de la pr\u00e9sentation du projet Auxilium Legalis au Groupe technique de travail sur les droits humains et la mise en place d&rsquo;un Comit\u00e9 de pilotage du projet. \u00a0\u00a0<\/p>\n<p>Le projet Auxilium Legalis vise le renforcent de l&rsquo;offre des assistances juridiques aux populations hautement vuln\u00e9rables au VIH et \u00e0 la tuberculose en C\u00f4te d&rsquo;Ivoire, a expliqu\u00e9 M. Alain Kra.\u00a0<\/p>\n<p>Ces modules, dira-t-il, visent \u00e0 renforcer les aptitudes des \u00e9tudiants en Master 1 &amp; 2 pour qu&rsquo;ils soient instruits sur la situation du droit de la sant\u00e9 de mani\u00e8re g\u00e9n\u00e9rale, qui fait appel \u00e0 la gestion des minorit\u00e9s et des populations stigmatis\u00e9es.<\/p>\n<p>Dans un premier temps, le projet se focalisera sur les universit\u00e9s publiques, qui constituent la porte d&rsquo;entr\u00e9e de la d\u00e9marche, a-t-il relev\u00e9. L&rsquo;ONG envisage d&rsquo;impliquer le minist\u00e8re de l&rsquo;Enseignement sup\u00e9rieur et de la recherche scientifique pour sa r\u00e9alisation effective. \u00a0 \u00a0<\/p>\n<p>Le projet qui va s&rsquo;\u00e9tendre sur trois ans, selon M. Alain Kra, a d\u00e9marr\u00e9 depuis juillet avec une phase pr\u00e9paratoire et conceptuelle. Il est en pleine vitesse de croisi\u00e8re et devrait permettre d&rsquo;associer les enseignants \u00e0 sa mise en pratique. \u00a0 \u00a0<\/p>\n<p>Il vient en compl\u00e9ment de la r\u00e9ponse des services juridiques au VIH Sida qui existaient en C\u00f4te d&rsquo;Ivoire jusque-l\u00e0, a fait savoir M. Kra, qui a rappel\u00e9 qu&rsquo;une \u00e9valuation faite en 2018 a montr\u00e9 qu&rsquo;il y avait deux services juridiques qui n&rsquo;existaient pas encore dans l&rsquo;offre des services VIH.<\/p>\n<p>Ceux-ci concernent essentiellement les services juridiques VIH int\u00e9gr\u00e9s aux UFR de droit et les services juridiques li\u00e9s au VIH au sein des services d&rsquo;aide juridictionnels du minist\u00e8re de la Justice, a-t-il poursuivi.<\/p>\n<p>\u00ab\u00a0Au constat de ces deux manquements, le projet vient combler ce vide pour \u00e9tendre et diversifier l&rsquo;offre des services juridiques au VIH en C\u00f4te d&rsquo;Ivoire (et) de fa\u00e7on pratique, nous allons travailler avec les universit\u00e9s, notamment les facult\u00e9s de droit de Bouak\u00e9 et d&rsquo;Abidjan\u00a0\u00bb, a-t-il ajout\u00e9.<\/p>\n<p>Pour lui, la question du VIH peut-\u00eatre int\u00e9gr\u00e9e dans la conception de la r\u00e9flexion au niveau de ces unit\u00e9s de formation et de recherche universitaire que si les UFR de droit s&rsquo;int\u00e9ressent \u00e0 la recherche sur le VIH en C\u00f4te d&rsquo;Ivoire.<\/p>\n<p>Le projet pr\u00e9voit \u00e9galement des centres d&rsquo;incubation o\u00f9 il devrait avoir de l&rsquo;\u00e9coute et du Conseil juridique pour les \u00e9tudiants qui ont besoin d&rsquo;assistance juridiques et judiciaires. Ce centre se veut aussi un espace p\u00e9dagogique.\u00a0<\/p>\n<p>Le projet est mis en \u0153uvre en collaboration avec la direction de protection judiciaire de l&rsquo;enfance et de la jeunesse. A terme, il devrait permettre aux personnes vuln\u00e9rables d&rsquo;avoir acc\u00e8s aux services juridiques et de sant\u00e9 sans \u00eatre stigmatis\u00e9s afin de casser la cha\u00eene de contamination du VIH.\u00a0<\/p>\n<p>Cet article <a rel=\"nofollow\" href=\"https:\/\/www.journalducameroun.com\/cote-divoire-plaidoyer-pour-lintegration-de-modules-sur-le-vih-dans-les-ufr-de-droit\/\">C\u00f4te d\u2019Ivoire: plaidoyer pour l\u2019int\u00e9gration de modules sur le VIH dans les UFR de droit<\/a> est apparu en premier sur <a rel=\"nofollow\" href=\"https:\/\/www.journalducameroun.com\/\">Journal du Cameroun<\/a>.<\/p>\n<\/div>\n<p>Auteur: APA News<br \/>\n<a href=\"https:\/\/www.journalducameroun.com\/cote-divoire-plaidoyer-pour-lintegration-de-modules-sur-le-vih-dans-les-ufr-de-droit\/\">Cliquez ici pour lire l&rsquo;article depuis sa source.<\/a><\/p>\n","protected":false},"excerpt":{"rendered":"<p>L&rsquo;ONG ENDA Sant\u00e9 C\u00f4te d&rsquo;Ivoire plaide pour l&rsquo;int\u00e9gration de modules sur \u00ab\u00a0les droits humains et VIH\u00a0\u00bb et \u00ab\u00a0les droits des populations vuln\u00e9rables au VIH\u00a0\u00bb dans les Unit\u00e9s de formation et de recherche (UFR) de droit des universit\u00e9s publiques ivoiriennes. \u00ab\u00a0Pour les facult\u00e9s publiques, on s&rsquo;arr\u00eate encore sur les g\u00e9n\u00e9ralit\u00e9s sur les droits humains (&#8230;) mais [&hellip;]<\/p>\n","protected":false},"author":1965,"featured_media":0,"comment_status":"closed","ping_status":"closed","sticky":false,"template":"","format":"standard","meta":{"fifu_image_url":"https:\/\/www.journalducameroun.com\/wp-content\/uploads\/2021\/10\/16348402812420.jpg","fifu_image_alt":"C\u00f4te d\u2019Ivoire: plaidoyer pour l\u2019int\u00e9gration de modules sur le VIH dans les UFR de droit","footnotes":""},"categories":[73,82],"tags":[],"class_list":["post-130652","post","type-post","status-publish","format-standard","hentry","category-actualite","category-cameroun"],"_links":{"self":[{"href":"https:\/\/linitiative.ca\/International\/wp-json\/wp\/v2\/posts\/130652","targetHints":{"allow":["GET"]}}],"collection":[{"href":"https:\/\/linitiative.ca\/International\/wp-json\/wp\/v2\/posts"}],"about":[{"href":"https:\/\/linitiative.ca\/International\/wp-json\/wp\/v2\/types\/post"}],"author":[{"embeddable":true,"href":"https:\/\/linitiative.ca\/International\/wp-json\/wp\/v2\/users\/1965"}],"replies":[{"embeddable":true,"href":"https:\/\/linitiative.ca\/International\/wp-json\/wp\/v2\/comments?post=130652"}],"version-history":[{"count":0,"href":"https:\/\/linitiative.ca\/International\/wp-json\/wp\/v2\/posts\/130652\/revisions"}],"wp:attachment":[{"href":"https:\/\/linitiative.ca\/International\/wp-json\/wp\/v2\/media?parent=130652"}],"wp:term":[{"taxonomy":"category","embeddable":true,"href":"https:\/\/linitiative.ca\/International\/wp-json\/wp\/v2\/categories?post=130652"},{"taxonomy":"post_tag","embeddable":true,"href":"https:\/\/linitiative.ca\/International\/wp-json\/wp\/v2\/tags?post=130652"}],"curies":[{"name":"wp","href":"https:\/\/api.w.org\/{rel}","templated":true}]}}