{"id":130656,"date":"2021-10-21T15:18:02","date_gmt":"2021-10-21T19:18:02","guid":{"rendered":"https:\/\/linitiative.ca\/International\/cote-divoire-le-secteur-prive-invite-investir-au-village-technologique-du-vitib\/"},"modified":"2021-10-21T15:18:02","modified_gmt":"2021-10-21T19:18:02","slug":"cote-divoire-le-secteur-prive-invite-investir-au-village-technologique-du-vitib","status":"publish","type":"post","link":"https:\/\/linitiative.ca\/International\/cote-divoire-le-secteur-prive-invite-investir-au-village-technologique-du-vitib\/","title":{"rendered":"C\u00f4te d\u2019Ivoire: le secteur priv\u00e9 invit\u00e9 investir au village technologique du Vitib"},"content":{"rendered":"<div>\n<p><img loading=\"lazy\" decoding=\"async\" width=\"1000\" height=\"666\" src=\"https:\/\/linitiative.ca\/International\/wp-content\/uploads\/sites\/23\/2021\/10\/16348438829505.jpg\" class=\"attachment-post-thumbnail size-post-thumbnail wp-post-image\" alt=\"\" srcset=\"https:\/\/linitiative.ca\/International\/wp-content\/uploads\/sites\/23\/2021\/10\/16348438829505.jpg 1000w, https:\/\/www.journalducameroun.com\/wp-content\/uploads\/2021\/10\/16348438829505-300x200.jpg 300w, https:\/\/www.journalducameroun.com\/wp-content\/uploads\/2021\/10\/16348438829505-768x511.jpg 768w, https:\/\/www.journalducameroun.com\/wp-content\/uploads\/2021\/10\/16348438829505-661x440.jpg 661w, https:\/\/www.journalducameroun.com\/wp-content\/uploads\/2021\/10\/16348438829505-600x400.jpg 600w\" sizes=\"auto, (max-width: 1000px) 100vw, 1000px\"><\/p>\n<p>Le ministre ivoirien de l&rsquo;Economie num\u00e9rique, des t\u00e9l\u00e9communications et de l&rsquo;innovation, Roger Adom, a invit\u00e9 jeudi le secteur priv\u00e9 \u00e0 investir au Village de l&rsquo;innovation technologique du Vitib, sis \u00e0 Grand-Bassam, \u00e0 40 Km au Sud-est d&rsquo;Abidjan<\/p>\n<p>M. Roger Adom a lanc\u00e9 les Journ\u00e9es investir au Vitib, qui se d\u00e9roulent sur deux jours. La premi\u00e8re journ\u00e9e a eu lieu \u00e0 la Maison de l&rsquo;entreprise au Plateau, le centre des Affaires d&rsquo;Abidjan, mais la seconde, elle est pr\u00e9vue sur le site et se tiendra sous forme de visite.\u00a0<\/p>\n<p>Le village de l&rsquo;innovation technologique, \u00e9tal\u00e9 sur 624 hectares de terrains, pr\u00e9sente un\u00a0ambitieux plan de masse. M. Roger Adom a invit\u00e9 les entreprises \u00e0 \u00ab\u00a0saisir les opportunit\u00e9s d&rsquo;investissement\u00a0\u00bb au sein de cette\u00a0smart city.\u00a0<\/p>\n<p>\u00a0La C\u00f4te d&rsquo;Ivoire, un pays essentiellement agricole, a d\u00e9cid\u00e9 de se doter d&rsquo;un parc technologique avec un statut de zone franche, l&rsquo;ambition \u00e9tant de b\u00e2tir le premier hub technologique de l&rsquo;Afrique de l&rsquo;Ouest.<\/p>\n<p>Pour ce faire, l&rsquo;Etat ivoirien a engag\u00e9 35 milliards Fcfa avec le soutien de partenaires dont la Banque ouest-africaine de d\u00e9veloppement (Boad) pour un montant de 13 milliards de Fcfa, a indiqu\u00e9 le ministre de l&rsquo;\u00c9conomie num\u00e9rique.\u00a0<\/p>\n<p>Il a relev\u00e9 que cela a permis, entre autres, de viabiliser 180 hectares de terrains, d&rsquo;installer un r\u00e9seau d&rsquo;eau et d&rsquo;\u00e9lectricit\u00e9. Et, aujourd&rsquo;hui 70 entreprises y op\u00e8rent dont des studios de production t\u00e9l\u00e9 pour plus de 1.000 emplois cr\u00e9\u00e9s. \u00a0<\/p>\n<p>Le directeur g\u00e9n\u00e9ral du Vitib, Philippe Pango, a not\u00e9 que le parc technologique, d\u00e9velopp\u00e9 depuis 2006, comprend \u00e0 ce jour quatre data center, un cinqui\u00e8me s&rsquo;installe bient\u00f4t, notamment le Groupe Raxio bas\u00e9 \u00e0 Duba\u00ef.\u00a0<\/p>\n<p>Le village technologique enregistre aussi des c\u00e2bles sous-marins et des r\u00e9seaux de fibre optique. L&rsquo;Etat de C\u00f4te d&rsquo;Ivoire envisage de construire une smart city, une sorte de ville intelligente.\u00a0<\/p>\n<p>Durant ces Journ\u00e9es investir au Vitib, la structure promet exclusivement accorder des \u00ab\u00a0tarifications avantageuses\u00a0\u00bb pour ceux qui prennent un engagement ferme sur un projet, a d\u00e9clar\u00e9 M. Philippe Pango.<\/p>\n<p>Le Vitib accorde notamment la gratuit\u00e9 du loyer de la terre au cours de la premi\u00e8re ann\u00e9e, pas de caution collect\u00e9e \u00e0 la signature, une redevance sur le chiffre d&rsquo;affaires r\u00e9duit \u00e0 0,25% pour les trois premi\u00e8res ann\u00e9es.\u00a0<\/p>\n<p>Les investisseurs b\u00e9n\u00e9ficient des exon\u00e9rations fiscales et douani\u00e8res pour tout investissement dans les infrastructures pr\u00e9vues. Des espaces sont pr\u00e9vus pour plus de 10 projets d&rsquo;infrastructures sur le site.<\/p>\n<p>Ces projets sont: h\u00f4tel d&rsquo;affaires, \u00a0centre des congr\u00e8s, centre commercial, \u00a0clinique internationale, h\u00f4tel de vill\u00e9giature, \u00a0centre culturel, entrep\u00f4ts \u00e0 louer, immeubles \u00e0 bureaux, \u00a0tours jumelles, immeubles \u00e0 bureaux TIC, universit\u00e9, promotion immobili\u00e8re.\u00a0<\/p>\n<p>Cet article <a rel=\"nofollow\" href=\"https:\/\/www.journalducameroun.com\/cote-divoire-le-secteur-prive-invite-investir-au-village-technologique-du-vitib\/\">C\u00f4te d\u2019Ivoire: le secteur priv\u00e9 invit\u00e9 investir au village technologique du Vitib<\/a> est apparu en premier sur <a rel=\"nofollow\" href=\"https:\/\/www.journalducameroun.com\/\">Journal du Cameroun<\/a>.<\/p>\n<\/div>\n<p>Auteur: APA News<br \/>\n<a href=\"https:\/\/www.journalducameroun.com\/cote-divoire-le-secteur-prive-invite-investir-au-village-technologique-du-vitib\/\">Cliquez ici pour lire l&rsquo;article depuis sa source.<\/a><\/p>\n","protected":false},"excerpt":{"rendered":"<p>Le ministre ivoirien de l&rsquo;Economie num\u00e9rique, des t\u00e9l\u00e9communications et de l&rsquo;innovation, Roger Adom, a invit\u00e9 jeudi le secteur priv\u00e9 \u00e0 investir au Village de l&rsquo;innovation technologique du Vitib, sis \u00e0 Grand-Bassam, \u00e0 40 Km au Sud-est d&rsquo;Abidjan M. Roger Adom a lanc\u00e9 les Journ\u00e9es investir au Vitib, qui se d\u00e9roulent sur deux jours. La premi\u00e8re [&hellip;]<\/p>\n","protected":false},"author":1965,"featured_media":0,"comment_status":"closed","ping_status":"closed","sticky":false,"template":"","format":"standard","meta":{"fifu_image_url":"https:\/\/www.journalducameroun.com\/wp-content\/uploads\/2021\/10\/16348438829505.jpg","fifu_image_alt":"C\u00f4te d\u2019Ivoire: le secteur priv\u00e9 invit\u00e9 investir au village technologique du Vitib","footnotes":""},"categories":[73,82],"tags":[],"class_list":["post-130656","post","type-post","status-publish","format-standard","hentry","category-actualite","category-cameroun"],"_links":{"self":[{"href":"https:\/\/linitiative.ca\/International\/wp-json\/wp\/v2\/posts\/130656","targetHints":{"allow":["GET"]}}],"collection":[{"href":"https:\/\/linitiative.ca\/International\/wp-json\/wp\/v2\/posts"}],"about":[{"href":"https:\/\/linitiative.ca\/International\/wp-json\/wp\/v2\/types\/post"}],"author":[{"embeddable":true,"href":"https:\/\/linitiative.ca\/International\/wp-json\/wp\/v2\/users\/1965"}],"replies":[{"embeddable":true,"href":"https:\/\/linitiative.ca\/International\/wp-json\/wp\/v2\/comments?post=130656"}],"version-history":[{"count":0,"href":"https:\/\/linitiative.ca\/International\/wp-json\/wp\/v2\/posts\/130656\/revisions"}],"wp:attachment":[{"href":"https:\/\/linitiative.ca\/International\/wp-json\/wp\/v2\/media?parent=130656"}],"wp:term":[{"taxonomy":"category","embeddable":true,"href":"https:\/\/linitiative.ca\/International\/wp-json\/wp\/v2\/categories?post=130656"},{"taxonomy":"post_tag","embeddable":true,"href":"https:\/\/linitiative.ca\/International\/wp-json\/wp\/v2\/tags?post=130656"}],"curies":[{"name":"wp","href":"https:\/\/api.w.org\/{rel}","templated":true}]}}