{"id":130658,"date":"2021-10-21T07:27:11","date_gmt":"2021-10-21T11:27:11","guid":{"rendered":"https:\/\/linitiative.ca\/International\/securite-sociale-la-cnps-a-debourse-26-milliards-en-2020-en-reparation-des-accidents-de-travail\/"},"modified":"2021-10-21T07:27:11","modified_gmt":"2021-10-21T11:27:11","slug":"securite-sociale-la-cnps-a-debourse-26-milliards-en-2020-en-reparation-des-accidents-de-travail","status":"publish","type":"post","link":"https:\/\/linitiative.ca\/International\/securite-sociale-la-cnps-a-debourse-26-milliards-en-2020-en-reparation-des-accidents-de-travail\/","title":{"rendered":"S\u00e9curit\u00e9 sociale : la Cnps a d\u00e9bours\u00e9 2,6 milliards en 2020 en r\u00e9paration des accidents de travail"},"content":{"rendered":"<div>\n<p>Le Cameroun dispose d\u00e9sormais du Document-cadre de politique nationale de sant\u00e9 et s\u00e9curit\u00e9 au travail. Il s\u2019agit d\u2019un document de consensus qui dont l\u2019\u00e9laboration a respect\u00e9 le principe du tripartisme pr\u00f4n\u00e9 par le Bureau international du travail (BIT) avec la participation du gouvernement, des partenaires sociaux (employeurs et travailleurs) avec en prime la participation de la soci\u00e9t\u00e9 civile repr\u00e9sent\u00e9e par les professionnels de la sant\u00e9 et s\u00e9curit\u00e9 au travail. Ce document a \u00e9t\u00e9 pr\u00e9sent\u00e9 le 18 octobre 2021 \u00e0 Yaound\u00e9 au cours de la session de la Commission nationale de sant\u00e9 et s\u00e9curit\u00e9 au travail.<\/p>\n<p><strong>Lire aussi<\/strong> : <strong><a href=\"https:\/\/ecomatin.net\/dialogue-social-une-charte-nationale-de-dialogue-lie-desormais-patrons-et-travailleurs\/\">Dialogue social : une charte nationale de dialogue lie d\u00e9sormais patrons et travailleurs<\/a><\/strong><\/p>\n<p>Selon la Convention n\u00b0155 de l\u2019Organisation internationale du travail (OIT) sur la sant\u00e9 et la s\u00e9curit\u00e9 des travailleurs et sa Recommandation n\u00b0164, que le Cameroun vient de ratifier, le document de politique nationale est un outil de pilotage strat\u00e9gique vient chapeauter le syst\u00e8me national de sant\u00e9 et de s\u00e9curit\u00e9 au travail coordonn\u00e9 par le minist\u00e8re du Travail et de la s\u00e9curit\u00e9 sociale (Mintss). \u201cPour s\u2019arrimer totalement \u00e0 cette Convention, le pays doit encore \u00e9laborer un programme national de sant\u00e9 et s\u00e9curit\u00e9 au travail qui sera le document op\u00e9rationnel de cette politique qui couvre la p\u00e9riode 2022-2027\u201d, pr\u00e9cise Bruno Eyoum Douala, Directeur de la sant\u00e9 et de la s\u00e9curit\u00e9 au travail au Mintss.<\/p>\n<p><strong>Lire aussi<\/strong> : <strong><a href=\"https:\/\/ecomatin.net\/securite-sociale-les-reserves-des-syndicatsss-contre-le-projet-de-la-couverture-sante-universelle-au-cameroun\/\">S\u00e9curit\u00e9 sociale : les r\u00e9serves des syndicats sur le projet de la couverture sant\u00e9 universelle au Cameroun<\/a><\/strong><\/p>\n<p>Selon les statistiques de la Caisse nationale de pr\u00e9voyance sociale (Cnps), 295 cas d\u2019accidents du travail et de maladies professionnelles ont \u00e9t\u00e9 d\u00e9clar\u00e9s en 2020 par les employeurs affili\u00e9s, contre 337 en 2019. Selon les travailleurs, cette situation est la cons\u00e9quence du laxisme de l\u2019Etat qui n\u2019est pas strict dans l\u2019application des exigences r\u00e9glementaires en mati\u00e8re de s\u00e9curit\u00e9 et sant\u00e9 au travail. \u201cSur 459 entreprises visit\u00e9es en 2017, seules 201 disposent d\u2019une structure m\u00e9dicale\u201d, s\u2019\u00e9tonne le directeur g\u00e9n\u00e9ral de la Cnps, Alain Olivier Mekulu Mvondo. Avec raison car c\u2019est son organisme qui a la responsabilit\u00e9 de payer les \u201cpots cass\u00e9s\u201d.<\/p>\n<p><strong>Facture sal\u00e9e<\/strong><\/p>\n<p>A l\u2019occasion du lancement du mois de la pr\u00e9vention des risques professionnels, le 4 avril 2021, en pr\u00e9lude \u00e0 la 25e \u00e9dition de la Journ\u00e9e africaine de pr\u00e9vention des risques professionnels, Alain Olivier Mekulu Mvondo a expliqu\u00e9 que bien qu\u2019on observe une diminution du nombre d\u2019accidents du travail et de maladies professionnelles (AT\/MP) d\u00e9clar\u00e9s \u00e0 la Cnps, le co\u00fbt de r\u00e9paration est quant \u00e0 lui en constante augmentation. \u201cAu cours de l\u2019exercice 2018, la CNPS a enregistr\u00e9 1 318 AT\/MP et a d\u00e9bours\u00e9 1,7 milliard de FCFA au titre de diverses r\u00e9parations et paiement de rentes. En 2019 et en 2020, les d\u2019AT\/MP d\u00e9clar\u00e9s sont respectivement de 337 et 295, alors que les co\u00fbts de r\u00e9paration se situent \u00e0 plus de 2 milliards de FCFA par ann\u00e9e.\u201d En fait, ce sont 2,59 milliards de FCFA que la Cnps a d\u00e9bours\u00e9 en 2020 pour les AT\/MP contre 2,72 milliards en 2019.<\/p>\n<p><strong>Lire aussi<\/strong> : <strong><a href=\"https:\/\/ecomatin.net\/securite-sociale-la-cnps-s-evalue-a-217-milliards-les-creances-dues-par-les-employeurs-debiteurs\/\">S\u00e9curit\u00e9 sociale : la Cnps \u00e9value a 217 milliards les cr\u00e9ances dues par les employeurs d\u00e9biteurs<\/a><\/strong><\/p>\n<p>Au Mintss, on rappelle que malgr\u00e9 les efforts des pouvoirs publics et des entreprises dans la r\u00e9duction de la p\u00e9nibilit\u00e9 du travail, \u201cles statistiques en mati\u00e8re d\u2019accidents du travail restent alarmantes et les co\u00fbts de r\u00e9paration importants.\u201d En d\u2019autres termes, il ne suffit pas de r\u00e9parer lorsque la maladie est survenue o\u00f9 l\u2019accident. Il s\u2019agit surtout de pr\u00e9venir c\u2019est-\u00e0-dire de faire en sorte que ni la maladie, ni l\u2019accident ne surviennent. C\u2019est pourquoi la session du 18 octobre dernier a aussi adopt\u00e9 le projet d\u2019arr\u00eat\u00e9 qui modifie et compl\u00e8te certaines dispositions de l\u2019Arr\u00eat\u00e9 n\u00b0039 qui fixe les mesures g\u00e9n\u00e9rales d\u2019hygi\u00e8ne et de s\u00e9curit\u00e9 sur le lieu du travail.<\/p>\n<p><strong>Lire aussi<\/strong> : <strong><a href=\"https:\/\/ecomatin.net\/climat-social-dion-ngute-ne-veut-pas-dialoguer-avec-les-syndicats\/\">Climat social : Dion Ngute ne veut pas dialoguer avec les syndicats<\/a><\/strong><\/p>\n<p>L\u2019article <a rel=\"nofollow\" href=\"https:\/\/ecomatin.net\/securite-sociale-la-cnps-a-debourse-26-milliards-en-2020-en-reparation-des-accidents-de-travail\/\">S\u00e9curit\u00e9 sociale : la Cnps a d\u00e9bours\u00e9 2,6 milliards en 2020 en r\u00e9paration des accidents de travail<\/a> est apparu en premier sur <a rel=\"nofollow\" href=\"https:\/\/ecomatin.net\/\">EcoMatin<\/a>.<\/p>\n<\/div>\n<p>Auteur: Philipe NSOA<br \/>\n<a href=\"https:\/\/ecomatin.net\/securite-sociale-la-cnps-a-debourse-26-milliards-en-2020-en-reparation-des-accidents-de-travail\/\">Cliquez ici pour lire l&rsquo;article depuis sa source.<\/a><\/p>\n","protected":false},"excerpt":{"rendered":"<p>Le Cameroun dispose d\u00e9sormais du Document-cadre de politique nationale de sant\u00e9 et s\u00e9curit\u00e9 au travail. Il s\u2019agit d\u2019un document de consensus qui dont l\u2019\u00e9laboration a respect\u00e9 le principe du tripartisme pr\u00f4n\u00e9 par le Bureau international du travail (BIT) avec la participation du gouvernement, des partenaires sociaux (employeurs et travailleurs) avec en prime la participation de [&hellip;]<\/p>\n","protected":false},"author":1969,"featured_media":0,"comment_status":"closed","ping_status":"closed","sticky":false,"template":"","format":"standard","meta":{"fifu_image_url":"","fifu_image_alt":"","footnotes":""},"categories":[82,78],"tags":[],"class_list":["post-130658","post","type-post","status-publish","format-standard","hentry","category-cameroun","category-economie"],"_links":{"self":[{"href":"https:\/\/linitiative.ca\/International\/wp-json\/wp\/v2\/posts\/130658","targetHints":{"allow":["GET"]}}],"collection":[{"href":"https:\/\/linitiative.ca\/International\/wp-json\/wp\/v2\/posts"}],"about":[{"href":"https:\/\/linitiative.ca\/International\/wp-json\/wp\/v2\/types\/post"}],"author":[{"embeddable":true,"href":"https:\/\/linitiative.ca\/International\/wp-json\/wp\/v2\/users\/1969"}],"replies":[{"embeddable":true,"href":"https:\/\/linitiative.ca\/International\/wp-json\/wp\/v2\/comments?post=130658"}],"version-history":[{"count":0,"href":"https:\/\/linitiative.ca\/International\/wp-json\/wp\/v2\/posts\/130658\/revisions"}],"wp:attachment":[{"href":"https:\/\/linitiative.ca\/International\/wp-json\/wp\/v2\/media?parent=130658"}],"wp:term":[{"taxonomy":"category","embeddable":true,"href":"https:\/\/linitiative.ca\/International\/wp-json\/wp\/v2\/categories?post=130658"},{"taxonomy":"post_tag","embeddable":true,"href":"https:\/\/linitiative.ca\/International\/wp-json\/wp\/v2\/tags?post=130658"}],"curies":[{"name":"wp","href":"https:\/\/api.w.org\/{rel}","templated":true}]}}