{"id":130664,"date":"2021-10-22T07:35:53","date_gmt":"2021-10-22T11:35:53","guid":{"rendered":"https:\/\/linitiative.ca\/International\/chambre-des-representants-seance-pleniere-lundi-prochain-consacree-aux-questions-orales\/"},"modified":"2021-10-22T07:35:53","modified_gmt":"2021-10-22T11:35:53","slug":"chambre-des-representants-seance-pleniere-lundi-prochain-consacree-aux-questions-orales","status":"publish","type":"post","link":"https:\/\/linitiative.ca\/International\/chambre-des-representants-seance-pleniere-lundi-prochain-consacree-aux-questions-orales\/","title":{"rendered":"Chambre des repr\u00e9sentants : S\u00e9ance pl\u00e9ni\u00e8re lundi prochain consacr\u00e9e aux questions orales"},"content":{"rendered":"<div>\n<p><img loading=\"lazy\" decoding=\"async\" width=\"300\" height=\"153\" src=\"https:\/\/linitiative.ca\/International\/wp-content\/uploads\/sites\/23\/2021\/10\/Parlement-300x153-1.jpg\" class=\"attachment-medium size-medium wp-post-image\" alt=\"\" srcset=\"https:\/\/linitiative.ca\/International\/wp-content\/uploads\/sites\/23\/2021\/10\/Parlement-300x153-1.jpg 300w, https:\/\/aujourdhui.ma\/wp-content\/uploads\/2021\/07\/Parlement-274x140.jpg 274w, https:\/\/aujourdhui.ma\/wp-content\/uploads\/2021\/07\/Parlement.jpg 746w, https:\/\/aujourdhui.ma\/wp-content\/uploads\/2021\/07\/Parlement-165x84.jpg 165w, https:\/\/aujourdhui.ma\/wp-content\/uploads\/2021\/07\/Parlement-702x358.jpg 702w\" sizes=\"auto, (max-width: 300px) 100vw, 300px\"><\/p>\n<p><span style=\"font-size: 20px; color: #800000;\"><strong>La Chambre des repr\u00e9sentants tiendra, lundi prochain, une s\u00e9ance pl\u00e9ni\u00e8re consacr\u00e9e aux questions orales.<\/strong><\/span><br \/>\n<span id=\"more-389590\"><\/span><\/p>\n<p>Cette s\u00e9ance, qui d\u00e9butera \u00e0 15H00, se tient en application des dispositions de l\u2019article 100 de la Constitution et conform\u00e9ment au r\u00e8glement int\u00e9rieur de la Chambre, notamment les articles 258 \u00e0 272, indique cette institution dans un communiqu\u00e9.<br \/>\nElle se d\u00e9roulera dans le respect des mesures pr\u00e9ventives sp\u00e9cifiques prises par les appareils de la Chambre des repr\u00e9sentants, ajoute le communiqu\u00e9, soulignant qu\u2019en application des nouvelles d\u00e9cisions des autorit\u00e9s publiques se rapportant \u00e0 l\u2019obligation du Pass vaccinal pour acc\u00e9der aux administrations publiques et priv\u00e9es, les d\u00e9put\u00e9es et d\u00e9put\u00e9s sont invit\u00e9s \u00e0 pr\u00e9senter ce document.<\/p>\n<\/div>\n<p>Auteur: ALM<br \/>\n<a href=\"https:\/\/aujourdhui.ma\/politique\/chambre-des-representants-seance-pleniere-lundi-prochain-consacree-aux-questions-orales\">Cliquez ici pour lire l&rsquo;article depuis sa source.<\/a><\/p>\n","protected":false},"excerpt":{"rendered":"<p>La Chambre des repr\u00e9sentants tiendra, lundi prochain, une s\u00e9ance pl\u00e9ni\u00e8re consacr\u00e9e aux questions orales. Cette s\u00e9ance, qui d\u00e9butera \u00e0 15H00, se tient en application des dispositions de l\u2019article 100 de la Constitution et conform\u00e9ment au r\u00e8glement int\u00e9rieur de la Chambre, notamment les articles 258 \u00e0 272, indique cette institution dans un communiqu\u00e9. Elle se d\u00e9roulera [&hellip;]<\/p>\n","protected":false},"author":1759,"featured_media":0,"comment_status":"closed","ping_status":"closed","sticky":false,"template":"","format":"standard","meta":{"fifu_image_url":"https:\/\/aujourdhui.ma\/wp-content\/uploads\/2021\/07\/Parlement-300x153.jpg","fifu_image_alt":"Chambre des repr\u00e9sentants : S\u00e9ance pl\u00e9ni\u00e8re lundi prochain consacr\u00e9e aux questions orales","footnotes":""},"categories":[73,54],"tags":[],"class_list":["post-130664","post","type-post","status-publish","format-standard","hentry","category-actualite","category-maroc"],"_links":{"self":[{"href":"https:\/\/linitiative.ca\/International\/wp-json\/wp\/v2\/posts\/130664","targetHints":{"allow":["GET"]}}],"collection":[{"href":"https:\/\/linitiative.ca\/International\/wp-json\/wp\/v2\/posts"}],"about":[{"href":"https:\/\/linitiative.ca\/International\/wp-json\/wp\/v2\/types\/post"}],"author":[{"embeddable":true,"href":"https:\/\/linitiative.ca\/International\/wp-json\/wp\/v2\/users\/1759"}],"replies":[{"embeddable":true,"href":"https:\/\/linitiative.ca\/International\/wp-json\/wp\/v2\/comments?post=130664"}],"version-history":[{"count":0,"href":"https:\/\/linitiative.ca\/International\/wp-json\/wp\/v2\/posts\/130664\/revisions"}],"wp:attachment":[{"href":"https:\/\/linitiative.ca\/International\/wp-json\/wp\/v2\/media?parent=130664"}],"wp:term":[{"taxonomy":"category","embeddable":true,"href":"https:\/\/linitiative.ca\/International\/wp-json\/wp\/v2\/categories?post=130664"},{"taxonomy":"post_tag","embeddable":true,"href":"https:\/\/linitiative.ca\/International\/wp-json\/wp\/v2\/tags?post=130664"}],"curies":[{"name":"wp","href":"https:\/\/api.w.org\/{rel}","templated":true}]}}