{"id":130666,"date":"2021-10-22T08:00:01","date_gmt":"2021-10-22T12:00:01","guid":{"rendered":"https:\/\/linitiative.ca\/International\/2eme-global-women-summit-du-4-au-6-novembre\/"},"modified":"2021-10-22T08:00:01","modified_gmt":"2021-10-22T12:00:01","slug":"2eme-global-women-summit-du-4-au-6-novembre","status":"publish","type":"post","link":"https:\/\/linitiative.ca\/International\/2eme-global-women-summit-du-4-au-6-novembre\/","title":{"rendered":"2\u00e8me Global Women Summit du 4 au 6 novembre"},"content":{"rendered":"<div>\n<p><img loading=\"lazy\" decoding=\"async\" width=\"300\" height=\"153\" src=\"https:\/\/linitiative.ca\/International\/wp-content\/uploads\/sites\/23\/2021\/10\/2eme-Global-Women-Summit-du-4-au-6-novembre-1-300x153-1.jpg\" class=\"attachment-medium size-medium wp-post-image\" alt=\"\" srcset=\"https:\/\/linitiative.ca\/International\/wp-content\/uploads\/sites\/23\/2021\/10\/2eme-Global-Women-Summit-du-4-au-6-novembre-1-300x153-1.jpg 300w, https:\/\/aujourdhui.ma\/wp-content\/uploads\/2021\/10\/2eme-Global-Women-Summit-du-4-au-6-novembre-1-274x140.jpg 274w, https:\/\/aujourdhui.ma\/wp-content\/uploads\/2021\/10\/2eme-Global-Women-Summit-du-4-au-6-novembre-1.jpg 746w, https:\/\/aujourdhui.ma\/wp-content\/uploads\/2021\/10\/2eme-Global-Women-Summit-du-4-au-6-novembre-1-165x84.jpg 165w, https:\/\/aujourdhui.ma\/wp-content\/uploads\/2021\/10\/2eme-Global-Women-Summit-du-4-au-6-novembre-1-702x358.jpg 702w\" sizes=\"auto, (max-width: 300px) 100vw, 300px\"><\/p>\n<p><span style=\"color: #800000; font-size: 18px;\"><strong>Pour booster l\u2019entrepreneuriat de la femme africaine<\/strong><\/span><span id=\"more-389559\"><\/span><\/p>\n<p>Le 2\u00e8me Global Women Summit, qui se tiendra, sous la Pr\u00e9sidence d\u2019Honneur de Son Altesse Royale la Princesse Lalla Meryem, du 4 au 6 novembre \u00e0 Dakhla, vient de livrer son programme \u00e0 Casablanca. A propos de cette manifestation pr\u00e9vue sous le th\u00e8me \u00abEn marche vers une Afrique r\u00e9siliente\u00bb, la Fondation Startup Grow, qui en est l\u2019initiatrice, pr\u00e9cise: \u00abLe choix du lieu et du th\u00e8me de l\u2019\u00e9v\u00e9nement interpelle tous les acteurs \u00e9conomiques \u00e0 tous les niveaux qu\u2019ils soient op\u00e9rateurs ou institutionnels \u00e0 agir tous ensemble pour un plaidoyer en faveur d\u2019une Afrique qui change, adoptant une approche genre plus engag\u00e9e et ouverte sur une diversit\u00e9 \u00e9quitable\u00bb.<\/p>\n<p>L\u2019objectif \u00e0 terme \u00e9tant d\u2019\u00e9difier un \u00e9cosyst\u00e8me entrepreneurial pouvant faire face aux d\u00e9fis actuels et ceux qui s\u2019annoncent \u00e0 l\u2019horizon. \u00abC\u2019est dans ce contexte et avec la motivation de mettre \u00e0 contribution des d\u00e9cideurs, des experts et des acteurs engag\u00e9s que l\u2019\u00e9quipe en charge de l\u2019organisation s\u2019est d\u00e9ploy\u00e9e pour r\u00e9unir un parterre de speakers marocains et \u00e9trangers de stature internationale et donner, par la m\u00eame occasion, \u00e0 des porteurs d\u2019id\u00e9es ou de projets, particuli\u00e8rement les jeunes, l\u2019opportunit\u00e9 de s\u2019accomplir \u00bb, poursuit la fondation. Selon cette structure, les r\u00e9flexions qui auront lieu dans les diff\u00e9rents panels seront une occasion pour les pan\u00e9listes \u00abd\u2019esquisser des strat\u00e9gies pour un nouvel \u00e9lan de l\u2019entrepreneuriat f\u00e9minin en Afrique en vue d\u2019accompagner les \u00e9volutions technologiques, la transformation digitale, l\u2019innovation, les \u00e9nergies renouvelables\u2026, particuli\u00e8rement dans cette conjoncture marqu\u00e9e par l\u2019impact de la pand\u00e9mie de Covid- 19\u00bb.<\/p>\n<p>\u00abAujourd\u2019hui, il devient urgent de repenser les politiques \u00e9conomiques des pays africains qui doivent tenir compte du r\u00f4le fondamental et n\u00e9cessaire de la femme pour l\u2019accomplissement de divers projets d\u2019ordre social, culturel et \u00e9conomique\u00bb, ajoute la fondation. De plus, cette structure a l\u2019ambition \u00abd\u2019oeuvrer pour la valorisation du leadership f\u00e9minin et de faire entendre \u00e0 partir du Global Women Summit de Dakhla la voix de la femme africaine \u00bb. \u00abL\u2019Afrique dispose de grandes possibilit\u00e9s de d\u00e9veloppement qui n\u00e9cessitent de nouvelles strat\u00e9gies b\u00e2ties autour des nouveaux m\u00e9tiers dans les secteurs technologiques en favorisant la diversit\u00e9 et l\u2019approche genre\u00bb, rappelle la m\u00eame source. Cela \u00e9tant, tous ces th\u00e8mes et bien d\u2019autres seront d\u00e9battus pendant trois journ\u00e9es par les experts et les participants de plusieurs pays \u00e0 ce grand forum qui se tiendra en mode hybride.<\/p>\n<\/div>\n<p>Auteur: ALM<br \/>\n<a href=\"https:\/\/aujourdhui.ma\/societe\/2eme-global-women-summit-du-4-au-6-novembre\">Cliquez ici pour lire l&rsquo;article depuis sa source.<\/a><\/p>\n","protected":false},"excerpt":{"rendered":"<p>Pour booster l\u2019entrepreneuriat de la femme africaine Le 2\u00e8me Global Women Summit, qui se tiendra, sous la Pr\u00e9sidence d\u2019Honneur de Son Altesse Royale la Princesse Lalla Meryem, du 4 au 6 novembre \u00e0 Dakhla, vient de livrer son programme \u00e0 Casablanca. A propos de cette manifestation pr\u00e9vue sous le th\u00e8me \u00abEn marche vers une Afrique [&hellip;]<\/p>\n","protected":false},"author":1759,"featured_media":0,"comment_status":"closed","ping_status":"closed","sticky":false,"template":"","format":"standard","meta":{"fifu_image_url":"https:\/\/aujourdhui.ma\/wp-content\/uploads\/2021\/10\/2eme-Global-Women-Summit-du-4-au-6-novembre-1-300x153.jpg","fifu_image_alt":"2\u00e8me Global Women Summit du 4 au 6 novembre","footnotes":""},"categories":[73,54],"tags":[],"class_list":["post-130666","post","type-post","status-publish","format-standard","hentry","category-actualite","category-maroc"],"_links":{"self":[{"href":"https:\/\/linitiative.ca\/International\/wp-json\/wp\/v2\/posts\/130666","targetHints":{"allow":["GET"]}}],"collection":[{"href":"https:\/\/linitiative.ca\/International\/wp-json\/wp\/v2\/posts"}],"about":[{"href":"https:\/\/linitiative.ca\/International\/wp-json\/wp\/v2\/types\/post"}],"author":[{"embeddable":true,"href":"https:\/\/linitiative.ca\/International\/wp-json\/wp\/v2\/users\/1759"}],"replies":[{"embeddable":true,"href":"https:\/\/linitiative.ca\/International\/wp-json\/wp\/v2\/comments?post=130666"}],"version-history":[{"count":0,"href":"https:\/\/linitiative.ca\/International\/wp-json\/wp\/v2\/posts\/130666\/revisions"}],"wp:attachment":[{"href":"https:\/\/linitiative.ca\/International\/wp-json\/wp\/v2\/media?parent=130666"}],"wp:term":[{"taxonomy":"category","embeddable":true,"href":"https:\/\/linitiative.ca\/International\/wp-json\/wp\/v2\/categories?post=130666"},{"taxonomy":"post_tag","embeddable":true,"href":"https:\/\/linitiative.ca\/International\/wp-json\/wp\/v2\/tags?post=130666"}],"curies":[{"name":"wp","href":"https:\/\/api.w.org\/{rel}","templated":true}]}}