{"id":130672,"date":"2021-10-21T14:00:00","date_gmt":"2021-10-21T18:00:00","guid":{"rendered":"https:\/\/linitiative.ca\/International\/la-republique-dominicaine-appuie-les-efforts-du-maroc-dans-la-recherche-dune-solution-politique\/"},"modified":"2021-10-21T14:00:00","modified_gmt":"2021-10-21T18:00:00","slug":"la-republique-dominicaine-appuie-les-efforts-du-maroc-dans-la-recherche-dune-solution-politique","status":"publish","type":"post","link":"https:\/\/linitiative.ca\/International\/la-republique-dominicaine-appuie-les-efforts-du-maroc-dans-la-recherche-dune-solution-politique\/","title":{"rendered":"La R\u00e9publique Dominicaine appuie les efforts du Maroc dans la recherche d\u2019une solution politique"},"content":{"rendered":"<div>\n<p class=\"has-black-color has-text-color\"><strong>La R\u00e9publique Dominicaine a r\u00e9affirm\u00e9, lundi, son appui aux efforts du Maroc dans la recherche d\u2019une solution politique \u00e0 la question du Sahara marocain.<\/strong><\/p>\n<p class=\"has-black-color has-text-color\">\u00ab\u00a0La R\u00e9publique Dominicaine a r\u00e9affirm\u00e9 son respect \u00e0 l\u2019int\u00e9grit\u00e9 territoriale du Royaume du Maroc et sa souverainet\u00e9 nationale et appuie les efforts du Maroc dans la recherche d\u2019une solution politique visant \u00e0 mettre fin \u00e0 ce diff\u00e9rend r\u00e9gional\u00a0\u00bb, indique une d\u00e9claration commune rendue publique \u00e0 l\u2019issue d\u2019une r\u00e9union bilat\u00e9rale par visioconf\u00e9rence entre le ministre des Affaires \u00e9trang\u00e8res, de la Coop\u00e9ration africaine et des Marocains r\u00e9sidant \u00e0 l\u2019\u00e9tranger, M. Nasser Bourita, et le ministre des Relations ext\u00e9rieures de la R\u00e9publique Dominicaine, M. Roberto Alvarez.<\/p>\n<p class=\"has-black-color has-text-color\">Il ressort de la d\u00e9claration commune que la R\u00e9publique Dominicaine consid\u00e8re que l\u2019Initiative d\u2019Autonomie, pr\u00e9sent\u00e9e par le Royaume du Maroc en 2007, constitue \u00ab\u00a0la solution r\u00e9aliste, cr\u00e9dible et s\u00e9rieuse pour parvenir \u00e0 un r\u00e9sultat n\u00e9goci\u00e9 entre les parties\u00a0\u00bb.<\/p>\n<p class=\"has-black-color has-text-color\">Cette r\u00e9union virtuelle entre MM. Bourita et Alvarez fait suite \u00e0 la derni\u00e8re r\u00e9union tenue entre les deux parties en juin 2019, \u00e0 Saint-Domingue, et s\u2019inscrit dans le cadre d\u2019une volont\u00e9 commune de poursuivre un dialogue politique continu pour renforcer les relations bilat\u00e9rales et donner un nouvel \u00e9lan \u00e0 la coop\u00e9ration dans divers domaines d\u2019int\u00e9r\u00eat commun.<\/p>\n<p>L\u2019article <a rel=\"nofollow\" href=\"http:\/\/albayane.press.ma\/la-republique-dominicaine-appuie-les-efforts-du-maroc-dans-la-recherche-dune-solution-politique.html\">La R\u00e9publique Dominicaine appuie les efforts du Maroc dans la recherche d\u2019une solution politique<\/a> est apparu en premier sur <a rel=\"nofollow\" href=\"http:\/\/albayane.press.ma\/\">ALBAYANE<\/a>.<\/p>\n<\/div>\n<p>Auteur: M&rsquo;hammed rahal<br \/>\n<a href=\"http:\/\/albayane.press.ma\/la-republique-dominicaine-appuie-les-efforts-du-maroc-dans-la-recherche-dune-solution-politique.html\">Cliquez ici pour lire l&rsquo;article depuis sa source.<\/a><\/p>\n","protected":false},"excerpt":{"rendered":"<p>La R\u00e9publique Dominicaine a r\u00e9affirm\u00e9, lundi, son appui aux efforts du Maroc dans la recherche d\u2019une solution politique \u00e0 la question du Sahara marocain. \u00ab\u00a0La R\u00e9publique Dominicaine a r\u00e9affirm\u00e9 son respect \u00e0 l\u2019int\u00e9grit\u00e9 territoriale du Royaume du Maroc et sa souverainet\u00e9 nationale et appuie les efforts du Maroc dans la recherche d\u2019une solution politique visant [&hellip;]<\/p>\n","protected":false},"author":1760,"featured_media":0,"comment_status":"closed","ping_status":"closed","sticky":false,"template":"","format":"standard","meta":{"fifu_image_url":"","fifu_image_alt":"","footnotes":""},"categories":[73,54],"tags":[],"class_list":["post-130672","post","type-post","status-publish","format-standard","hentry","category-actualite","category-maroc"],"_links":{"self":[{"href":"https:\/\/linitiative.ca\/International\/wp-json\/wp\/v2\/posts\/130672","targetHints":{"allow":["GET"]}}],"collection":[{"href":"https:\/\/linitiative.ca\/International\/wp-json\/wp\/v2\/posts"}],"about":[{"href":"https:\/\/linitiative.ca\/International\/wp-json\/wp\/v2\/types\/post"}],"author":[{"embeddable":true,"href":"https:\/\/linitiative.ca\/International\/wp-json\/wp\/v2\/users\/1760"}],"replies":[{"embeddable":true,"href":"https:\/\/linitiative.ca\/International\/wp-json\/wp\/v2\/comments?post=130672"}],"version-history":[{"count":0,"href":"https:\/\/linitiative.ca\/International\/wp-json\/wp\/v2\/posts\/130672\/revisions"}],"wp:attachment":[{"href":"https:\/\/linitiative.ca\/International\/wp-json\/wp\/v2\/media?parent=130672"}],"wp:term":[{"taxonomy":"category","embeddable":true,"href":"https:\/\/linitiative.ca\/International\/wp-json\/wp\/v2\/categories?post=130672"},{"taxonomy":"post_tag","embeddable":true,"href":"https:\/\/linitiative.ca\/International\/wp-json\/wp\/v2\/tags?post=130672"}],"curies":[{"name":"wp","href":"https:\/\/api.w.org\/{rel}","templated":true}]}}