{"id":130674,"date":"2021-10-21T14:00:00","date_gmt":"2021-10-21T18:00:00","guid":{"rendered":"https:\/\/linitiative.ca\/International\/mobilisation-du-personnel-de-bayane-sa\/"},"modified":"2021-10-21T14:00:00","modified_gmt":"2021-10-21T18:00:00","slug":"mobilisation-du-personnel-de-bayane-sa","status":"publish","type":"post","link":"https:\/\/linitiative.ca\/International\/mobilisation-du-personnel-de-bayane-sa\/","title":{"rendered":"Mobilisation du personnel de Bayane SA"},"content":{"rendered":"<div>\n<p class=\"has-text-align-center has-text-color\" style=\"color:#ea0707\"><strong>Don de sang<\/strong><\/p>\n<p class=\"has-text-align-right has-black-color has-text-color\"><strong>Ouardirhi Abdelaziz<\/strong><\/p>\n<p class=\"has-black-color has-text-color\"><strong>A l\u2019initiative des cadres et employ\u00e9s de la soci\u00e9t\u00e9 Bayane SA, \u00e9ditrice des journaux Bayane Al Youme et Al Bayane, une op\u00e9ration de don de sang a \u00e9t\u00e9 organis\u00e9e le jeudi 21 octobre 2021 au sein des locaux de l\u2019\u00e9tablissement, en partenariat avec le centre r\u00e9gional de transfusion sanguine de Casablanca.<\/strong><\/p>\n<p>Cette op\u00e9ration de don de sang a \u00e9t\u00e9 marqu\u00e9e par une grande mobilisation de l\u2019ensemble du personnel de Bayane SA, cadres, journalistes, administratifs, et techniciens. Tous ont r\u00e9pondu\u00a0 pr\u00e9sents \u00e0 cette action noble et humaine, qui vise \u00e0 offrir un peu de son sang pour sauver des vies. Cette op\u00e9ration vise aussi \u00e0 renforcer le stock de cette substance vitale, ce qui contribuera \u00e0 r\u00e9duire la grave p\u00e9nurie de sang \u00e0 laquelle est confront\u00e9 aujourd\u2019hui le centre de transfusion sanguine et partant, les diff\u00e9rents h\u00f4pitaux publics et cliniques priv\u00e9es depuis le d\u00e9but de cette pand\u00e9mie de Coronavirus.<\/p>\n<p class=\"has-black-color has-text-color\">Cette op\u00e9ration s\u2019est d\u00e9roul\u00e9e dans le respect total et absolu des r\u00e8gles et mesures pr\u00e9ventives li\u00e9es au covid-19, dont le port du masque, la distanciation sociale, qui ont \u00e9t\u00e9 observ\u00e9es par l\u2019ensemble du personnel. Ce qui conf\u00e9r\u00e9 une pleine r\u00e9ussite \u00e0 cette op\u00e9ration .<\/p>\n<p>L\u2019article <a rel=\"nofollow\" href=\"http:\/\/albayane.press.ma\/mobilisation-du-personnel-de-bayane-sa.html\">Mobilisation du personnel de Bayane SA<\/a> est apparu en premier sur <a rel=\"nofollow\" href=\"http:\/\/albayane.press.ma\/\">ALBAYANE<\/a>.<\/p>\n<\/div>\n<p>Auteur: M&rsquo;hammed rahal<br \/>\n<a href=\"http:\/\/albayane.press.ma\/mobilisation-du-personnel-de-bayane-sa.html\">Cliquez ici pour lire l&rsquo;article depuis sa source.<\/a><\/p>\n","protected":false},"excerpt":{"rendered":"<p>Don de sang Ouardirhi Abdelaziz A l\u2019initiative des cadres et employ\u00e9s de la soci\u00e9t\u00e9 Bayane SA, \u00e9ditrice des journaux Bayane Al Youme et Al Bayane, une op\u00e9ration de don de sang a \u00e9t\u00e9 organis\u00e9e le jeudi 21 octobre 2021 au sein des locaux de l\u2019\u00e9tablissement, en partenariat avec le centre r\u00e9gional de transfusion sanguine de [&hellip;]<\/p>\n","protected":false},"author":1760,"featured_media":0,"comment_status":"closed","ping_status":"closed","sticky":false,"template":"","format":"standard","meta":{"fifu_image_url":"","fifu_image_alt":"","footnotes":""},"categories":[73,54],"tags":[],"class_list":["post-130674","post","type-post","status-publish","format-standard","hentry","category-actualite","category-maroc"],"_links":{"self":[{"href":"https:\/\/linitiative.ca\/International\/wp-json\/wp\/v2\/posts\/130674","targetHints":{"allow":["GET"]}}],"collection":[{"href":"https:\/\/linitiative.ca\/International\/wp-json\/wp\/v2\/posts"}],"about":[{"href":"https:\/\/linitiative.ca\/International\/wp-json\/wp\/v2\/types\/post"}],"author":[{"embeddable":true,"href":"https:\/\/linitiative.ca\/International\/wp-json\/wp\/v2\/users\/1760"}],"replies":[{"embeddable":true,"href":"https:\/\/linitiative.ca\/International\/wp-json\/wp\/v2\/comments?post=130674"}],"version-history":[{"count":0,"href":"https:\/\/linitiative.ca\/International\/wp-json\/wp\/v2\/posts\/130674\/revisions"}],"wp:attachment":[{"href":"https:\/\/linitiative.ca\/International\/wp-json\/wp\/v2\/media?parent=130674"}],"wp:term":[{"taxonomy":"category","embeddable":true,"href":"https:\/\/linitiative.ca\/International\/wp-json\/wp\/v2\/categories?post=130674"},{"taxonomy":"post_tag","embeddable":true,"href":"https:\/\/linitiative.ca\/International\/wp-json\/wp\/v2\/tags?post=130674"}],"curies":[{"name":"wp","href":"https:\/\/api.w.org\/{rel}","templated":true}]}}