{"id":130675,"date":"2021-10-21T14:00:00","date_gmt":"2021-10-21T18:00:00","guid":{"rendered":"https:\/\/linitiative.ca\/International\/message-de-condoleances-de-sm-le-roi-a-la-famille-de-feu-dr-abdelouahed-belkeziz\/"},"modified":"2021-10-21T14:00:00","modified_gmt":"2021-10-21T18:00:00","slug":"message-de-condoleances-de-sm-le-roi-a-la-famille-de-feu-dr-abdelouahed-belkeziz","status":"publish","type":"post","link":"https:\/\/linitiative.ca\/International\/message-de-condoleances-de-sm-le-roi-a-la-famille-de-feu-dr-abdelouahed-belkeziz\/","title":{"rendered":"Message de condol\u00e9ances de SM le Roi \u00e0 la famille de feu Dr. Abdelouahed Belkeziz"},"content":{"rendered":"<div>\n<p class=\"has-black-color has-text-color\"><strong>SM le Roi Mohammed VI a adress\u00e9 un message de condol\u00e9ances et de compassion aux membres de la famille de feu Dr. Abdelouahed Belkeziz.<\/strong><\/p>\n<p class=\"has-black-color has-text-color\">Dans ce message, le Souverain affirme avoir appris avec une profonde \u00e9motion et affliction le d\u00e9c\u00e8s de Dr. Abdelouahed Belkeziz, que Dieu l\u2019ait en sa sainte mis\u00e9ricorde et l\u2019accueille parmi ses serviteurs vertueux.<\/p>\n<p class=\"has-black-color has-text-color\">En cette douloureuse circonstance, SM le Roi exprime aux membres de la famille du d\u00e9funt, et \u00e0 travers eux \u00e0 leurs proches, \u00e0 sa famille politique et acad\u00e9mique nationale et \u00e0 ses amis, Ses vives condol\u00e9ances et Sa sinc\u00e8re compassion, suite \u00e0 la disparition de l\u2019un des grands hommes d\u2019Etat qui ont consacr\u00e9 leur vie pour servir leur Patrie, avec d\u00e9vouement et un ind\u00e9fectible attachement au Glorieux Tr\u00f4ne Alaouite et aux constantes et sacralit\u00e9s de la Nation.<\/p>\n<p class=\"has-black-color has-text-color\">Le Souverain dit Se rem\u00e9morer avec grande estime les qualit\u00e9s du d\u00e9funt qui fut un mod\u00e8le d\u2019abn\u00e9gation et de fid\u00e9lit\u00e9 lors des diff\u00e9rentes hautes missions qui lui on \u00e9t\u00e9 confi\u00e9es, tant au niveau acad\u00e9mique que gouvernemental ou diplomatique, en plus d\u2019avoir dignement repr\u00e9sent\u00e9 son pays dans les diff\u00e9rents postes de responsabilit\u00e9 qu\u2019il a occup\u00e9s au sein de plusieurs instances r\u00e9gionales et internationales.<\/p>\n<p class=\"has-black-color has-text-color\">SM le Roi dit aussi partager les sentiments de la famille du regrett\u00e9 suite \u00e0 cette perte cruelle, la volont\u00e9 divine \u00e9tant imparable, implorant le Tr\u00e8s-Haut de r\u00e9tribuer amplement le d\u00e9funt pour les services louables rendus \u00e0 sa Patrie et pour ses bonnes \u0153uvres.<\/p>\n<p>L\u2019article <a rel=\"nofollow\" href=\"http:\/\/albayane.press.ma\/message-de-condoleances-de-sm-le-roi-a-la-famille-de-feu-dr-abdelouahed-belkeziz.html\">Message de condol\u00e9ances de SM le Roi \u00e0 la famille de feu Dr. Abdelouahed Belkeziz<\/a> est apparu en premier sur <a rel=\"nofollow\" href=\"http:\/\/albayane.press.ma\/\">ALBAYANE<\/a>.<\/p>\n<\/div>\n<p>Auteur: M&rsquo;hammed rahal<br \/>\n<a href=\"http:\/\/albayane.press.ma\/message-de-condoleances-de-sm-le-roi-a-la-famille-de-feu-dr-abdelouahed-belkeziz.html\">Cliquez ici pour lire l&rsquo;article depuis sa source.<\/a><\/p>\n","protected":false},"excerpt":{"rendered":"<p>SM le Roi Mohammed VI a adress\u00e9 un message de condol\u00e9ances et de compassion aux membres de la famille de feu Dr. Abdelouahed Belkeziz. Dans ce message, le Souverain affirme avoir appris avec une profonde \u00e9motion et affliction le d\u00e9c\u00e8s de Dr. Abdelouahed Belkeziz, que Dieu l\u2019ait en sa sainte mis\u00e9ricorde et l\u2019accueille parmi ses [&hellip;]<\/p>\n","protected":false},"author":1760,"featured_media":0,"comment_status":"closed","ping_status":"closed","sticky":false,"template":"","format":"standard","meta":{"fifu_image_url":"","fifu_image_alt":"","footnotes":""},"categories":[73,54],"tags":[],"class_list":["post-130675","post","type-post","status-publish","format-standard","hentry","category-actualite","category-maroc"],"_links":{"self":[{"href":"https:\/\/linitiative.ca\/International\/wp-json\/wp\/v2\/posts\/130675","targetHints":{"allow":["GET"]}}],"collection":[{"href":"https:\/\/linitiative.ca\/International\/wp-json\/wp\/v2\/posts"}],"about":[{"href":"https:\/\/linitiative.ca\/International\/wp-json\/wp\/v2\/types\/post"}],"author":[{"embeddable":true,"href":"https:\/\/linitiative.ca\/International\/wp-json\/wp\/v2\/users\/1760"}],"replies":[{"embeddable":true,"href":"https:\/\/linitiative.ca\/International\/wp-json\/wp\/v2\/comments?post=130675"}],"version-history":[{"count":0,"href":"https:\/\/linitiative.ca\/International\/wp-json\/wp\/v2\/posts\/130675\/revisions"}],"wp:attachment":[{"href":"https:\/\/linitiative.ca\/International\/wp-json\/wp\/v2\/media?parent=130675"}],"wp:term":[{"taxonomy":"category","embeddable":true,"href":"https:\/\/linitiative.ca\/International\/wp-json\/wp\/v2\/categories?post=130675"},{"taxonomy":"post_tag","embeddable":true,"href":"https:\/\/linitiative.ca\/International\/wp-json\/wp\/v2\/tags?post=130675"}],"curies":[{"name":"wp","href":"https:\/\/api.w.org\/{rel}","templated":true}]}}