{"id":130680,"date":"2021-10-22T13:32:05","date_gmt":"2021-10-22T17:32:05","guid":{"rendered":"https:\/\/linitiative.ca\/International\/fete-de-la-moisson-visite-dune-pepiniere-engagee-sur-le-plan-ecologique\/"},"modified":"2021-10-22T13:32:05","modified_gmt":"2021-10-22T17:32:05","slug":"fete-de-la-moisson-visite-dune-pepiniere-engagee-sur-le-plan-ecologique","status":"publish","type":"post","link":"https:\/\/linitiative.ca\/International\/fete-de-la-moisson-visite-dune-pepiniere-engagee-sur-le-plan-ecologique\/","title":{"rendered":"F\u00eate de la Moisson: Visite d\u2019une p\u00e9pini\u00e8re engag\u00e9e sur le plan \u00e9cologique"},"content":{"rendered":"<div>\n<div style=\"margin-bottom:20px;\"><img loading=\"lazy\" decoding=\"async\" width=\"750\" height=\"430\" src=\"https:\/\/linitiative.ca\/International\/wp-content\/uploads\/sites\/23\/2021\/10\/pC3A9piniC3A8re-moisson-copier.jpg\" class=\"attachment-post-thumbnail size-post-thumbnail wp-post-image\" alt=\"\" srcset=\"https:\/\/linitiative.ca\/International\/wp-content\/uploads\/sites\/23\/2021\/10\/pC3A9piniC3A8re-moisson-copier.jpg 750w, http:\/\/www.mapmarrakech.ma\/map\/uploads\/2021\/10\/p\u00e9pini\u00e8re-moisson-copier-300x172.jpg 300w\" sizes=\"auto, (max-width: 750px) 100vw, 750px\"><\/div>\n<p>Cette entreprise agricole repr\u00e9sente un mod\u00e8le \u00e9loquent de projets \u00e9conomiques int\u00e9grant les enjeux environnementaux et sociaux dans leurs activit\u00e9s.<\/p>\n<p>Situ\u00e9e \u00e0 7 km de Marrakech, cette p\u00e9pini\u00e8re baptis\u00e9e \u00ab\u00a0Palm Orchids\u00a0\u00bb, est d\u00e9di\u00e9e \u00e0 la culture et \u00e0 la commercialisation de plus de 700 esp\u00e8ces de plantes et arbustes d\u00e9coratifs parfaitement adapt\u00e9s au climat marocain et cultiv\u00e9s sans substances chimiques.<\/p>\n<p>Dans une d\u00e9claration \u00e0 la MAP \u00e0 cette occasion, M. Mohamed Dhimi, responsable technique de ce projet, a indiqu\u00e9 que les plantes et arbustes de cette p\u00e9pini\u00e8re proviennent de r\u00e9gions disposant de climats similaires \u00e0 celui du Maroc, tels que l\u2019Australie, le Mexique et l\u2019Afrique du sud.<\/p>\n<p>La p\u00e9pini\u00e8re a opt\u00e9 pour une culture sans substances chimiques, qui int\u00e8gre des recettes-maisons compos\u00e9es essentiellement de produits agricoles locaux, tels que les oignons, les ails, le lait, le poivre et le savon noir (beldi), qui sont des \u00ab\u00a0pesticides\u00a0\u00bb naturels et efficaces \u00e0 m\u00eame de garantir une immunit\u00e9 des plantes contre les maladies et les virus, a-t-il expliqu\u00e9.<\/p>\n<p>Et d\u2019ajouter que cette p\u00e9pini\u00e8re utilise aussi la technique vermicompost (lombricompost), riche notamment en mati\u00e8res organiques et champignons et visant la valorisation des mati\u00e8res organiques, en utilisant le m\u00eame type de vers.<\/p>\n<p>Cr\u00e9\u00e9e en 2008, cette p\u00e9pini\u00e8re utilise aussi des techniques d\u2019irrigation \u00e9conome et de gestion rationnelle des ressources en eau. Les techniciens de ce projet ont ainsi opt\u00e9 pour le syst\u00e8me d\u2019irrigation du goutte-\u00e0-goutte utilis\u00e9e en zone aride pour r\u00e9duire au maximum l\u2019utilisation de l\u2019eau\u00a0et de l\u2019engrais.<\/p>\n<p>La p\u00e9pini\u00e8re qui utilise aussi la technique de l\u2019aquaponie, un syst\u00e8me qui unit la culture de plante et l\u2019\u00e9levage de poissons, fait appel \u00e0 18 ouvriers issus des villages riverains, en plus des ouvriers saisonniers, qui viennent renforcer la main d\u2019\u0153uvre durant la haute saison.<\/p>\n<p>Offrant aussi un cadre id\u00e9ale pour la d\u00e9tente notamment, pour les familles durant toute l\u2019ann\u00e9e, cet espace \u00e9cologique et botanique propose aussi diff\u00e9rents ateliers p\u00e9dagogiques au profit des \u00e9l\u00e8ves des \u00e9tablissements scolaires de la r\u00e9gion.<\/p>\n<p>Initi\u00e9e par \u00ab\u00a0Global Diversity Foundation\u00a0\u00bb et \u00ab\u00a0Moroccan Biodiversity and Livelihoods Association\u00a0\u00bb (MBLA), deux entit\u00e9s op\u00e9rant dans le cadre de la promotion de la biodiversit\u00e9 et des moyens de subsistance, la F\u00eate de la Moisson est l\u2019occasion de promouvoir les produits locaux des coop\u00e9ratives du Haut Atlas \u00e0 Marrakech et \u00e0 l\u2019\u00e9chelle nationale et internationale, et de d\u00e9couvrir des plantes du monde entier cultiv\u00e9es localement et utilis\u00e9es dans diverses cuisines.<\/p>\n<p>Organis\u00e9 \u00e0 l\u2019occasion de la c\u00e9l\u00e9bration de la Journ\u00e9e Mondiale de l\u2019Alimentation, ce festival offre un espace de r\u00e9flexion gr\u00e2ce \u00e0 des ateliers sur l\u2019agriculture, la question du genre et de la nutrition dans les zones rurales et sert d\u2019occasion pour c\u00e9l\u00e9brer l\u2019\u00e9mergence locale de l\u2019agro\u00e9cologie et de la permaculture.<\/p>\n<p>Ce festival vise \u00e0 mettre l\u2019accent sur le \u00ab\u00a0local\u00a0\u00bb (agro\u00e9cologie, biodiversit\u00e9, culture et gastronomie), ayant lieu et produites dans la r\u00e9gion de Marrakech-Safi et ses environs et les activit\u00e9s \u00e9conomiques b\u00e9n\u00e9ficiant \u00e0 la communaut\u00e9 locale.<\/p>\n<p>Au menu de ce festival visant \u00e0 renforcer les liens et les \u00e9changes entre les diff\u00e9rents r\u00e9sidents \u00e9trangers \u00e0 Marrakech et les communaut\u00e9s urbaines et rurales de la r\u00e9gion, figurent des \u00e9v\u00e9nements con\u00e7us pour un large public, abstraction faite de leurs \u00e2ges et leurs milieux.<\/p>\n<p>Cette \u00e9dition se propose d\u2019interconnecter agriculteurs, artisans, artistes, chefs cuisiniers, restaurateurs, \u00e9crivains, musiciens et cr\u00e9atifs de tous bords.<\/p>\n<p>The post <a rel=\"nofollow\" href=\"http:\/\/www.mapmarrakech.ma\/fr\/fete-de-la-moisson-visite-dune-pepiniere-engagee-sur-les-plans-ecologique\/\">F\u00eate de la Moisson: Visite d\u2019une p\u00e9pini\u00e8re engag\u00e9e sur le plan \u00e9cologique<\/a> appeared first on <a rel=\"nofollow\" href=\"http:\/\/www.mapmarrakech.ma\/fr\">MapMarrakech<\/a>.<\/p>\n<\/div>\n<p>Auteur: Meriem IGASS<br \/>\n<a href=\"http:\/\/www.mapmarrakech.ma\/fr\/fete-de-la-moisson-visite-dune-pepiniere-engagee-sur-les-plans-ecologique\/\">Cliquez ici pour lire l&rsquo;article depuis sa source.<\/a><\/p>\n","protected":false},"excerpt":{"rendered":"<p>Cette entreprise agricole repr\u00e9sente un mod\u00e8le \u00e9loquent de projets \u00e9conomiques int\u00e9grant les enjeux environnementaux et sociaux dans leurs activit\u00e9s. Situ\u00e9e \u00e0 7 km de Marrakech, cette p\u00e9pini\u00e8re baptis\u00e9e \u00ab\u00a0Palm Orchids\u00a0\u00bb, est d\u00e9di\u00e9e \u00e0 la culture et \u00e0 la commercialisation de plus de 700 esp\u00e8ces de plantes et arbustes d\u00e9coratifs parfaitement adapt\u00e9s au climat marocain et [&hellip;]<\/p>\n","protected":false},"author":1788,"featured_media":0,"comment_status":"closed","ping_status":"closed","sticky":false,"template":"","format":"standard","meta":{"fifu_image_url":"http:\/\/www.mapmarrakech.ma\/map\/uploads\/2021\/10\/p\u00e9pini\u00e8re-moisson-copier.jpg","fifu_image_alt":"F\u00eate de la Moisson: Visite d\u2019une p\u00e9pini\u00e8re engag\u00e9e sur le plan \u00e9cologique","footnotes":""},"categories":[54,76],"tags":[],"class_list":["post-130680","post","type-post","status-publish","format-standard","hentry","category-maroc","category-regions"],"_links":{"self":[{"href":"https:\/\/linitiative.ca\/International\/wp-json\/wp\/v2\/posts\/130680","targetHints":{"allow":["GET"]}}],"collection":[{"href":"https:\/\/linitiative.ca\/International\/wp-json\/wp\/v2\/posts"}],"about":[{"href":"https:\/\/linitiative.ca\/International\/wp-json\/wp\/v2\/types\/post"}],"author":[{"embeddable":true,"href":"https:\/\/linitiative.ca\/International\/wp-json\/wp\/v2\/users\/1788"}],"replies":[{"embeddable":true,"href":"https:\/\/linitiative.ca\/International\/wp-json\/wp\/v2\/comments?post=130680"}],"version-history":[{"count":0,"href":"https:\/\/linitiative.ca\/International\/wp-json\/wp\/v2\/posts\/130680\/revisions"}],"wp:attachment":[{"href":"https:\/\/linitiative.ca\/International\/wp-json\/wp\/v2\/media?parent=130680"}],"wp:term":[{"taxonomy":"category","embeddable":true,"href":"https:\/\/linitiative.ca\/International\/wp-json\/wp\/v2\/categories?post=130680"},{"taxonomy":"post_tag","embeddable":true,"href":"https:\/\/linitiative.ca\/International\/wp-json\/wp\/v2\/tags?post=130680"}],"curies":[{"name":"wp","href":"https:\/\/api.w.org\/{rel}","templated":true}]}}