{"id":130682,"date":"2021-10-22T13:47:04","date_gmt":"2021-10-22T17:47:04","guid":{"rendered":"https:\/\/linitiative.ca\/International\/creation-a-marrakech-du-reseau-marocain-doncogenetique\/"},"modified":"2021-10-22T13:47:04","modified_gmt":"2021-10-22T17:47:04","slug":"creation-a-marrakech-du-reseau-marocain-doncogenetique","status":"publish","type":"post","link":"https:\/\/linitiative.ca\/International\/creation-a-marrakech-du-reseau-marocain-doncogenetique\/","title":{"rendered":"Cr\u00e9ation \u00e0 Marrakech du R\u00e9seau Marocain d\u2019oncog\u00e9n\u00e9tique"},"content":{"rendered":"<div>\n<div style=\"margin-bottom:20px;\"><img loading=\"lazy\" decoding=\"async\" width=\"750\" height=\"430\" src=\"https:\/\/linitiative.ca\/International\/wp-content\/uploads\/sites\/23\/2021\/10\/oncologie-copier.jpg\" class=\"attachment-post-thumbnail size-post-thumbnail wp-post-image\" alt=\"\" srcset=\"https:\/\/linitiative.ca\/International\/wp-content\/uploads\/sites\/23\/2021\/10\/oncologie-copier.jpg 750w, http:\/\/www.mapmarrakech.ma\/map\/uploads\/2021\/10\/oncologie-copier-300x172.jpg 300w\" sizes=\"auto, (max-width: 750px) 100vw, 750px\"><\/div>\n<p>Ce R\u00e9seau d\u2019experts vise \u00e0 f\u00e9d\u00e9rer les g\u00e9n\u00e9ticiens et les praticiens autour de l\u2019oncog\u00e9n\u00e9tique et va \u0153uvrer pour lutter contre le cancer \u00e0 travers une approche multidisciplinaire, participative et innovante centr\u00e9e sur le patient via la recherche, la coordination et la mutualisation des plateaux techniques et la r\u00e9partition des t\u00e2ches \u00e0 l\u2019\u00e9chelle du territoire national.<\/p>\n<p>Il s\u2019agit aussi d\u2019impliquer tous les chercheurs et tous les plateaux techniques dans les diff\u00e9rentes structures sanitaires qui ont d\u00e9velopp\u00e9 des plateformes, qui sont mises au service du patient marocain que ce soit dans le secteur public ou priv\u00e9, en coordination avec les laboratoires pharmaceutiques et l\u2019industrie biotechnologique, afin de d\u00e9velopper dans le futur, un partenariat public-priv\u00e9 permettant de mieux positionner le Maroc dans le domaine de la recherche biom\u00e9dicale.<\/p>\n<p>L\u2019oncog\u00e9n\u00e9tique est une branche de la g\u00e9n\u00e9tique qui se rapporte aux cancers et \u00e9tudie les ph\u00e9nom\u00e8nes qui engendrent la reproduction excessive des cellules, \u00e0 l\u2019origine des cancers et les facteurs g\u00e9n\u00e9tiques de risque de contracter un cancer.<\/p>\n<p>Organis\u00e9e par l\u2019Institut de recherche sur le cancer (IRC) en partenariat avec l\u2019Institut sup\u00e9rieur des sciences biologiques et param\u00e9dicales ( ISSB-P) relevant de l\u2019Universit\u00e9 Mohammed VI Polytechnique (UM6P), la premi\u00e8re \u00e9dition du Cours avanc\u00e9 sur la biologie et la th\u00e9rapie du cancer\u00a0est le premier \u00e9v\u00e9nement p\u00e9dagogique en oncologie mol\u00e9culaire et m\u00e9decine de pr\u00e9cision au niveau national.<\/p>\n<p>Au menu des travaux figurent cinq principales th\u00e9matiques se rapportant au \u00ab\u00a0Micro-environnement tumoral et immunoncologie\u00a0\u00bb, \u00ab\u00a0Traitement du cancer et d\u00e9veloppement de m\u00e9dicaments\u00a0\u00bb, \u00ab\u00a0G\u00e9nomique du cancer et oncologie de pr\u00e9cision\u00a0\u00bb, \u00ab\u00a0G\u00e9n\u00e9tique du cancer h\u00e9r\u00e9ditaire\u00a0\u00bb et la \u00ab\u00a0Biobanque et Big data pour l\u2019oncologie de pr\u00e9cision\u00a0\u00bb.<\/p>\n<p>The post <a rel=\"nofollow\" href=\"http:\/\/www.mapmarrakech.ma\/fr\/creation-a-marrakech-du-reseau-marocain-doncogenetique\/\">Cr\u00e9ation \u00e0 Marrakech du R\u00e9seau Marocain d\u2019oncog\u00e9n\u00e9tique<\/a> appeared first on <a rel=\"nofollow\" href=\"http:\/\/www.mapmarrakech.ma\/fr\">MapMarrakech<\/a>.<\/p>\n<\/div>\n<p>Auteur: Meriem IGASS<br \/>\n<a href=\"http:\/\/www.mapmarrakech.ma\/fr\/creation-a-marrakech-du-reseau-marocain-doncogenetique\/\">Cliquez ici pour lire l&rsquo;article depuis sa source.<\/a><\/p>\n","protected":false},"excerpt":{"rendered":"<p>Ce R\u00e9seau d\u2019experts vise \u00e0 f\u00e9d\u00e9rer les g\u00e9n\u00e9ticiens et les praticiens autour de l\u2019oncog\u00e9n\u00e9tique et va \u0153uvrer pour lutter contre le cancer \u00e0 travers une approche multidisciplinaire, participative et innovante centr\u00e9e sur le patient via la recherche, la coordination et la mutualisation des plateaux techniques et la r\u00e9partition des t\u00e2ches \u00e0 l\u2019\u00e9chelle du territoire national. [&hellip;]<\/p>\n","protected":false},"author":1788,"featured_media":0,"comment_status":"closed","ping_status":"closed","sticky":false,"template":"","format":"standard","meta":{"fifu_image_url":"http:\/\/www.mapmarrakech.ma\/map\/uploads\/2021\/10\/oncologie-copier.jpg","fifu_image_alt":"Cr\u00e9ation \u00e0 Marrakech du R\u00e9seau Marocain d\u2019oncog\u00e9n\u00e9tique","footnotes":""},"categories":[54,76],"tags":[],"class_list":["post-130682","post","type-post","status-publish","format-standard","hentry","category-maroc","category-regions"],"_links":{"self":[{"href":"https:\/\/linitiative.ca\/International\/wp-json\/wp\/v2\/posts\/130682","targetHints":{"allow":["GET"]}}],"collection":[{"href":"https:\/\/linitiative.ca\/International\/wp-json\/wp\/v2\/posts"}],"about":[{"href":"https:\/\/linitiative.ca\/International\/wp-json\/wp\/v2\/types\/post"}],"author":[{"embeddable":true,"href":"https:\/\/linitiative.ca\/International\/wp-json\/wp\/v2\/users\/1788"}],"replies":[{"embeddable":true,"href":"https:\/\/linitiative.ca\/International\/wp-json\/wp\/v2\/comments?post=130682"}],"version-history":[{"count":0,"href":"https:\/\/linitiative.ca\/International\/wp-json\/wp\/v2\/posts\/130682\/revisions"}],"wp:attachment":[{"href":"https:\/\/linitiative.ca\/International\/wp-json\/wp\/v2\/media?parent=130682"}],"wp:term":[{"taxonomy":"category","embeddable":true,"href":"https:\/\/linitiative.ca\/International\/wp-json\/wp\/v2\/categories?post=130682"},{"taxonomy":"post_tag","embeddable":true,"href":"https:\/\/linitiative.ca\/International\/wp-json\/wp\/v2\/tags?post=130682"}],"curies":[{"name":"wp","href":"https:\/\/api.w.org\/{rel}","templated":true}]}}