{"id":130684,"date":"2021-10-21T14:32:48","date_gmt":"2021-10-21T18:32:48","guid":{"rendered":"https:\/\/linitiative.ca\/International\/lever-de-rideau-sur-le-9e-festival-international-du-cinema-et-immigration\/"},"modified":"2021-10-21T14:32:48","modified_gmt":"2021-10-21T18:32:48","slug":"lever-de-rideau-sur-le-9e-festival-international-du-cinema-et-immigration","status":"publish","type":"post","link":"https:\/\/linitiative.ca\/International\/lever-de-rideau-sur-le-9e-festival-international-du-cinema-et-immigration\/","title":{"rendered":"Lever de rideau sur le 9\u00e8 Festival international du cin\u00e9ma et immigration"},"content":{"rendered":"<div>\n<div style=\"margin-bottom:20px;\"><img loading=\"lazy\" decoding=\"async\" width=\"750\" height=\"430\" src=\"https:\/\/linitiative.ca\/International\/wp-content\/uploads\/sites\/23\/2021\/10\/Affiche-du-Festival-international-du-cinC3A9ma-et-immigration-750C397430.jpg\" class=\"attachment-post-thumbnail size-post-thumbnail wp-post-image\" alt=\"\" srcset=\"https:\/\/linitiative.ca\/International\/wp-content\/uploads\/sites\/23\/2021\/10\/Affiche-du-Festival-international-du-cinC3A9ma-et-immigration-750C397430.jpg 750w, http:\/\/www.mapoujda.ma\/map\/uploads\/2021\/10\/Affiche-du-Festival-international-du-cin\u00e9ma-et-immigration-750\u00d7430-300x172.jpg 300w\" sizes=\"auto, (max-width: 750px) 100vw, 750px\"><\/div>\n<div>\n<p style=\"text-align: justify;\">Le th\u00e9\u00e2tre Mohammed VI d\u2019Oujda a accueilli, mercredi dans la soir\u00e9e, la c\u00e9r\u00e9monie d\u2019ouverture de la 9\u00e8me \u00e9dition du Festival international du cin\u00e9ma et immigration d\u2019Oujda, organis\u00e9 par l\u2019Association solidarit\u00e9 pour le d\u00e9veloppement et l\u2019immigration.<\/p>\n<p style=\"text-align: justify;\">Cette \u00e9dition, plac\u00e9e sous le th\u00e8me \u00abLe r\u00f4le du cin\u00e9ma dans le renforcement de la s\u00e9curit\u00e9 culturelle des soci\u00e9t\u00e9s\u00bb, se poursuit jusqu\u2019au 23 octobre courant avec la participation de 11 films repr\u00e9sentant le Maroc, la Tunisie, l\u2019Alg\u00e9rie, la Libye, l\u2019Egypte, la Syrie, la Turquie, les Pays-Bas, l\u2019Inde et la Palestine.<\/p>\n<p style=\"text-align: justify;\">La c\u00e9r\u00e9monie d\u2019ouverture de ce festival, organis\u00e9 en partenariat avec la direction r\u00e9gionale de la Culture de l\u2019Oriental, a \u00e9t\u00e9 marqu\u00e9e par des hommages rendus \u00e0 l\u2019acteur marocain, install\u00e9 au Canada, Mohamed Amine Benjelloun et \u00e0 l\u2019acteur associatif install\u00e9 en Belgique, Hicham El Kerout, en plus de performances musicales du jeune chanteur Hicham Haji.<\/p>\n<p style=\"text-align: justify;\">La soir\u00e9e a aussi connu la projection du long m\u00e9trage \u00abLe chemin du paradis\u00bb du r\u00e9alisateur marocain Wahid Sanouji. Tourn\u00e9 \u00e0 Amsterdam, ce film aborde plusieurs questions autour de la communaut\u00e9 marocaine install\u00e9e aux Pays-Bas.<\/p>\n<p style=\"text-align: justify;\">Intervenant lors de cette c\u00e9r\u00e9monie, le pr\u00e9sident de l\u2019Association solidarit\u00e9 pour le d\u00e9veloppement et l\u2019immigration, Abdellatif Drifi, a indiqu\u00e9 que ce festival constitue une occasion pour f\u00eater le cin\u00e9ma en tant que vecteur de communication et de rencontre entre les cultures, soulignant que l\u2019association a r\u00e9ussi \u00e0 tenir cette \u00e9dition malgr\u00e9 les contraintes li\u00e9es \u00e0 la pand\u00e9mie de la Covid-19.<\/p>\n<p style=\"text-align: justify;\">Il a formul\u00e9 le v\u0153u de voir cet \u00e9v\u00e8nement contribuer \u00e0 la promotion des valeurs de paix, de compr\u00e9hension et de tol\u00e9rance, et \u00e0 la diffusion d\u2019un discours constructif \u00e0 travers un langage cin\u00e9matographique de haute facture, abordant des th\u00e9matiques universelles.<\/p>\n<p style=\"text-align: justify;\">De son c\u00f4t\u00e9, le directeur r\u00e9gional du secteur de la Culture, Montassir Loukili, a relev\u00e9 que cette \u00e9dition met la lumi\u00e8re sur des aspects de grande importance relatifs au th\u00e8me de l\u2019immigration, via des \u0153uvres cin\u00e9matographiques fa\u00e7onn\u00e9es par des artistes de haut niveau.<\/p>\n<p style=\"text-align: justify;\">Cette \u00e9dition s\u2019inscrit dans la tradition du festival tout en ouvrant de nouvelles perspectives et en abordant de nouvelles questions et probl\u00e9matiques li\u00e9es au cin\u00e9ma et \u00e0 l\u2019immigration, a-t-il ajout\u00e9.<\/p>\n<p style=\"text-align: justify;\">En plus de \u00abLe chemin du paradis\u00bb, trois autres films participent \u00e0 la comp\u00e9tition officielle du long m\u00e9trage, \u00e0 savoir \u00abIstrupya\u00bb du Palestinien Ahmed Hassounah, \u00abSudani from Nigeria\u00bb de l\u2019Indien Mohamed Zakariya et \u00abBenzine\u00bb de la Tunisienne Sarra Abidi. Ces films sont en lice pour le Grand prix du festival et les prix du jury, du meilleur sc\u00e9nario et des meilleures interpr\u00e9tations masculine et f\u00e9minine.<\/p>\n<p style=\"text-align: justify;\">Pour ce qui est des courts m\u00e9trages, sept films sont en comp\u00e9tition pour les prix de la r\u00e9alisation, du sc\u00e9nario et du jury. Il s\u2019agit de \u00abCrack\u00bb du Marocain Bilal Twil, \u00abAsylum Ticket\u00bb du Syrien Mohamed Chamya, \u00abCrack in the wall\u00bb du Turc Hakan Unal, \u00abThe Dream\u00bb du Libyen Ramadan Al Mazdaoui, \u00abMay twenty seventh of this year\u00bb de l\u2019Egyptien Mostafa Morad, \u00abBefore the storm\u00bb du Marocain Hicham Lahlimi et \u00abI won\u2019t come\u00bb de l\u2019Alg\u00e9rien Mostafa Bengharnout.<\/p>\n<p style=\"text-align: justify;\">Le jury de cette \u00e9dition est pr\u00e9sid\u00e9 par le r\u00e9alisateur marocain Fouad Souiba et compte pour membres le professeur universitaire marocain Abdelaadim Tahiri et le r\u00e9alisateur irako-allemand Nawzad Shekhany.<\/p>\n<p style=\"text-align: justify;\">Le programme de cette \u00e9dition pr\u00e9voit \u00e9galement une conf\u00e9rence autour du cin\u00e9ma, une Master Class sur l\u2019exp\u00e9rience cin\u00e9matographique dans les pays d\u2019accueil, des ateliers au profit des jeunes et la projection d\u2019un film sur le Sahara marocain r\u00e9alis\u00e9 par Rabie Jouhari.<\/p>\n<\/div>\n<p>L\u2019article <a rel=\"nofollow\" href=\"http:\/\/www.mapoujda.ma\/fr\/lever-de-rideau-sur-le-9e-festival-international-du-cinema-et-immigration-doujda\/\">Lever de rideau sur le 9\u00e8 Festival international du cin\u00e9ma et immigration<\/a> est apparu en premier sur <a rel=\"nofollow\" href=\"http:\/\/www.mapoujda.ma\/fr\">MapOujda<\/a>.<\/p>\n<\/div>\n<p>Auteur: Soufiane ELAHMAR<br \/>\n<a href=\"http:\/\/www.mapoujda.ma\/fr\/lever-de-rideau-sur-le-9e-festival-international-du-cinema-et-immigration-doujda\/\">Cliquez ici pour lire l&rsquo;article depuis sa source.<\/a><\/p>\n","protected":false},"excerpt":{"rendered":"<p>Le th\u00e9\u00e2tre Mohammed VI d\u2019Oujda a accueilli, mercredi dans la soir\u00e9e, la c\u00e9r\u00e9monie d\u2019ouverture de la 9\u00e8me \u00e9dition du Festival international du cin\u00e9ma et immigration d\u2019Oujda, organis\u00e9 par l\u2019Association solidarit\u00e9 pour le d\u00e9veloppement et l\u2019immigration. Cette \u00e9dition, plac\u00e9e sous le th\u00e8me \u00abLe r\u00f4le du cin\u00e9ma dans le renforcement de la s\u00e9curit\u00e9 culturelle des soci\u00e9t\u00e9s\u00bb, se [&hellip;]<\/p>\n","protected":false},"author":1788,"featured_media":0,"comment_status":"closed","ping_status":"closed","sticky":false,"template":"","format":"standard","meta":{"fifu_image_url":"http:\/\/www.mapoujda.ma\/map\/uploads\/2021\/10\/Affiche-du-Festival-international-du-cin\u00e9ma-et-immigration-750\u00d7430.jpg","fifu_image_alt":"Lever de rideau sur le 9\u00e8 Festival international du cin\u00e9ma et immigration","footnotes":""},"categories":[54,76],"tags":[],"class_list":["post-130684","post","type-post","status-publish","format-standard","hentry","category-maroc","category-regions"],"_links":{"self":[{"href":"https:\/\/linitiative.ca\/International\/wp-json\/wp\/v2\/posts\/130684","targetHints":{"allow":["GET"]}}],"collection":[{"href":"https:\/\/linitiative.ca\/International\/wp-json\/wp\/v2\/posts"}],"about":[{"href":"https:\/\/linitiative.ca\/International\/wp-json\/wp\/v2\/types\/post"}],"author":[{"embeddable":true,"href":"https:\/\/linitiative.ca\/International\/wp-json\/wp\/v2\/users\/1788"}],"replies":[{"embeddable":true,"href":"https:\/\/linitiative.ca\/International\/wp-json\/wp\/v2\/comments?post=130684"}],"version-history":[{"count":0,"href":"https:\/\/linitiative.ca\/International\/wp-json\/wp\/v2\/posts\/130684\/revisions"}],"wp:attachment":[{"href":"https:\/\/linitiative.ca\/International\/wp-json\/wp\/v2\/media?parent=130684"}],"wp:term":[{"taxonomy":"category","embeddable":true,"href":"https:\/\/linitiative.ca\/International\/wp-json\/wp\/v2\/categories?post=130684"},{"taxonomy":"post_tag","embeddable":true,"href":"https:\/\/linitiative.ca\/International\/wp-json\/wp\/v2\/tags?post=130684"}],"curies":[{"name":"wp","href":"https:\/\/api.w.org\/{rel}","templated":true}]}}