{"id":130694,"date":"2021-10-22T06:22:00","date_gmt":"2021-10-22T10:22:00","guid":{"rendered":"https:\/\/linitiative.ca\/International\/can-liverpool-negocie-pour-liberer-salah-et-mane-plus-tard-que-prevu\/"},"modified":"2021-10-22T06:22:00","modified_gmt":"2021-10-22T10:22:00","slug":"can-liverpool-negocie-pour-liberer-salah-et-mane-plus-tard-que-prevu","status":"publish","type":"post","link":"https:\/\/linitiative.ca\/International\/can-liverpool-negocie-pour-liberer-salah-et-mane-plus-tard-que-prevu\/","title":{"rendered":"CAN : Liverpool n\u00e9gocie pour lib\u00e9rer Salah et Man\u00e9 plus tard que pr\u00e9vu"},"content":{"rendered":"<div>Dans moins de trois mois maintenant, la Coupe d&rsquo;Afrique des Nations va ouvrir ses portes au Cameroun et forc\u00e9ment, l&rsquo;impact pour les clubs europ\u00e9en est important<img loading=\"lazy\" decoding=\"async\" src=\"http:\/\/feeds.feedburner.com\/~r\/GalerieFArtciles\/~4\/H73q2iG2NWA\" height=\"1\" width=\"1\" alt=\"\"><\/div>\n<p>Auteur:<br \/>\n<a href=\"http:\/\/www.lebuteur.com\/article\/detail?titre=can-liverpool-negocie-pour-liberer-salah-et-mane-plus-tard-que-prevu&#038;id=101377&#038;utm_source=feedburner&#038;utm_medium=feed&#038;utm_campaign=Feed%3A+GalerieFArtciles+%28Les+derniers+articles++-+lebuteur.com%29\">Cliquez ici pour lire l&rsquo;article depuis sa source.<\/a><\/p>\n","protected":false},"excerpt":{"rendered":"<p>Dans moins de trois mois maintenant, la Coupe d&rsquo;Afrique des Nations va ouvrir ses portes au Cameroun et forc\u00e9ment, l&rsquo;impact pour les clubs europ\u00e9en est important Auteur: Cliquez ici pour lire l&rsquo;article depuis sa source.<\/p>\n","protected":false},"author":1738,"featured_media":0,"comment_status":"closed","ping_status":"closed","sticky":false,"template":"","format":"standard","meta":{"fifu_image_url":"http:\/\/feeds.feedburner.com\/~r\/GalerieFArtciles\/~4\/H73q2iG2NWA","fifu_image_alt":"CAN : Liverpool n\u00e9gocie pour lib\u00e9rer Salah et Man\u00e9 plus tard que pr\u00e9vu","footnotes":""},"categories":[53,75],"tags":[],"class_list":["post-130694","post","type-post","status-publish","format-standard","hentry","category-algerie","category-sport"],"_links":{"self":[{"href":"https:\/\/linitiative.ca\/International\/wp-json\/wp\/v2\/posts\/130694","targetHints":{"allow":["GET"]}}],"collection":[{"href":"https:\/\/linitiative.ca\/International\/wp-json\/wp\/v2\/posts"}],"about":[{"href":"https:\/\/linitiative.ca\/International\/wp-json\/wp\/v2\/types\/post"}],"author":[{"embeddable":true,"href":"https:\/\/linitiative.ca\/International\/wp-json\/wp\/v2\/users\/1738"}],"replies":[{"embeddable":true,"href":"https:\/\/linitiative.ca\/International\/wp-json\/wp\/v2\/comments?post=130694"}],"version-history":[{"count":0,"href":"https:\/\/linitiative.ca\/International\/wp-json\/wp\/v2\/posts\/130694\/revisions"}],"wp:attachment":[{"href":"https:\/\/linitiative.ca\/International\/wp-json\/wp\/v2\/media?parent=130694"}],"wp:term":[{"taxonomy":"category","embeddable":true,"href":"https:\/\/linitiative.ca\/International\/wp-json\/wp\/v2\/categories?post=130694"},{"taxonomy":"post_tag","embeddable":true,"href":"https:\/\/linitiative.ca\/International\/wp-json\/wp\/v2\/tags?post=130694"}],"curies":[{"name":"wp","href":"https:\/\/api.w.org\/{rel}","templated":true}]}}