{"id":130696,"date":"2021-10-22T13:22:00","date_gmt":"2021-10-22T17:22:00","guid":{"rendered":"https:\/\/linitiative.ca\/International\/le-match-djibouti-algerie-naura-pas-lieu-au-maroc\/"},"modified":"2021-10-22T13:22:00","modified_gmt":"2021-10-22T17:22:00","slug":"le-match-djibouti-algerie-naura-pas-lieu-au-maroc","status":"publish","type":"post","link":"https:\/\/linitiative.ca\/International\/le-match-djibouti-algerie-naura-pas-lieu-au-maroc\/","title":{"rendered":"Le match Djibouti-Alg\u00e9rie n&rsquo;aura pas lieu au Maroc"},"content":{"rendered":"<div>la Conf\u00e9d\u00e9ration Africaine de Football (CAF) a tranch\u00e9 en faveur des Fennecs et que la rencontre se jouera bel et bien en Egypte<img loading=\"lazy\" decoding=\"async\" src=\"http:\/\/feeds.feedburner.com\/~r\/GalerieFArtciles\/~4\/Q0rNa4L1EaE\" height=\"1\" width=\"1\" alt=\"\"><\/div>\n<p>Auteur:<br \/>\n<a href=\"http:\/\/www.lebuteur.com\/article\/detail?titre=le-match-djibouti-algerie-naura-pas-lieu-au-maroc&#038;id=101379&#038;utm_source=feedburner&#038;utm_medium=feed&#038;utm_campaign=Feed%3A+GalerieFArtciles+%28Les+derniers+articles++-+lebuteur.com%29\">Cliquez ici pour lire l&rsquo;article depuis sa source.<\/a><\/p>\n","protected":false},"excerpt":{"rendered":"<p>la Conf\u00e9d\u00e9ration Africaine de Football (CAF) a tranch\u00e9 en faveur des Fennecs et que la rencontre se jouera bel et bien en Egypte Auteur: Cliquez ici pour lire l&rsquo;article depuis sa source.<\/p>\n","protected":false},"author":1738,"featured_media":0,"comment_status":"closed","ping_status":"closed","sticky":false,"template":"","format":"standard","meta":{"fifu_image_url":"http:\/\/feeds.feedburner.com\/~r\/GalerieFArtciles\/~4\/Q0rNa4L1EaE","fifu_image_alt":"<div>Le match Djibouti-Alg\u00e9rie n'aura pas lieu au Maroc<\/div>","footnotes":""},"categories":[53,75],"tags":[],"class_list":["post-130696","post","type-post","status-publish","format-standard","hentry","category-algerie","category-sport"],"_links":{"self":[{"href":"https:\/\/linitiative.ca\/International\/wp-json\/wp\/v2\/posts\/130696","targetHints":{"allow":["GET"]}}],"collection":[{"href":"https:\/\/linitiative.ca\/International\/wp-json\/wp\/v2\/posts"}],"about":[{"href":"https:\/\/linitiative.ca\/International\/wp-json\/wp\/v2\/types\/post"}],"author":[{"embeddable":true,"href":"https:\/\/linitiative.ca\/International\/wp-json\/wp\/v2\/users\/1738"}],"replies":[{"embeddable":true,"href":"https:\/\/linitiative.ca\/International\/wp-json\/wp\/v2\/comments?post=130696"}],"version-history":[{"count":0,"href":"https:\/\/linitiative.ca\/International\/wp-json\/wp\/v2\/posts\/130696\/revisions"}],"wp:attachment":[{"href":"https:\/\/linitiative.ca\/International\/wp-json\/wp\/v2\/media?parent=130696"}],"wp:term":[{"taxonomy":"category","embeddable":true,"href":"https:\/\/linitiative.ca\/International\/wp-json\/wp\/v2\/categories?post=130696"},{"taxonomy":"post_tag","embeddable":true,"href":"https:\/\/linitiative.ca\/International\/wp-json\/wp\/v2\/tags?post=130696"}],"curies":[{"name":"wp","href":"https:\/\/api.w.org\/{rel}","templated":true}]}}