{"id":130705,"date":"2021-10-21T12:52:00","date_gmt":"2021-10-21T16:52:00","guid":{"rendered":"https:\/\/linitiative.ca\/International\/vient-de-paraitre-un-nouveau-recueil-poetique-de-abdelaziz-kacem-quatrains-en-desherence\/"},"modified":"2021-10-21T12:52:00","modified_gmt":"2021-10-21T16:52:00","slug":"vient-de-paraitre-un-nouveau-recueil-poetique-de-abdelaziz-kacem-quatrains-en-desherence","status":"publish","type":"post","link":"https:\/\/linitiative.ca\/International\/vient-de-paraitre-un-nouveau-recueil-poetique-de-abdelaziz-kacem-quatrains-en-desherence\/","title":{"rendered":"Vient de para\u00eetre &#8211;  Un nouveau recueil po\u00e9tique de Abdelaziz Kacem : \u00abQuatrains en d\u00e9sh\u00e9rence\u00bb"},"content":{"rendered":"<div><img decoding=\"async\" src=\"https:\/\/linitiative.ca\/International\/wp-content\/uploads\/sites\/23\/2021\/10\/1634832349_article.jpg\" alt=\"Vient de para\u00eetre -  Un nouveau recueil po\u00e9tique de Abdelaziz Kacem : \u00abQuatrains en d\u00e9sh\u00e9rence\u00bb\" align=\"left\">L\u2019\u00e9v\u00e8nement po\u00e9tique en Tunisie est la parution d\u2019un nouveau recueil po\u00e9tique de Abdelaziz Kacem, sous le titre de \u00ab Quatrains en d\u00e9sh\u00e9rence \u00bb, publi\u00e9e aux \u00e9ditions Leaders.<br \/>\nAvec deux recueils en arabe et quatre en fran\u00e7ais, avec aussi plusieurs essais sur la po\u00e9sie et sur la litt\u00e9rature compar\u00e9e, Abdelaziz Kacem d\u00e9ploie son talent de po\u00e8te bilingue accompli. D\u00e8s la parution du Frontal (MTE, 1983), son premier recueil d\u2019expression fran\u00e7aise, son \u00e9criture a \u00e9t\u00e9 qualifi\u00e9e de majestueuse. Pour tenir son rang, tout au long de sa carri\u00e8re, il s\u2019est inflig\u00e9 toutes les affres du style. D\u2019o\u00f9 l\u2019\u00e9conomie, voire la parcimonie de son \u0153uvre.<br \/>\n Quatrains en &#8230;<\/p>\n<\/div>\n<p>Auteur:<br \/>\n<a href=\"https:\/\/www.leaders.com.tn\/article\/32560-vient-de-paraitre-un-nouveau-recueil-poetique-de-abdelaziz-kacem-quatrains-en-desherence\">Cliquez ici pour lire l&rsquo;article depuis sa source.<\/a><\/p>\n","protected":false},"excerpt":{"rendered":"<p>L\u2019\u00e9v\u00e8nement po\u00e9tique en Tunisie est la parution d\u2019un nouveau recueil po\u00e9tique de Abdelaziz Kacem, sous le titre de \u00ab Quatrains en d\u00e9sh\u00e9rence \u00bb, publi\u00e9e aux \u00e9ditions Leaders. Avec deux recueils en arabe et quatre en fran\u00e7ais, avec aussi plusieurs essais sur la po\u00e9sie et sur la litt\u00e9rature compar\u00e9e, Abdelaziz Kacem d\u00e9ploie son talent de po\u00e8te [&hellip;]<\/p>\n","protected":false},"author":1772,"featured_media":0,"comment_status":"closed","ping_status":"closed","sticky":false,"template":"","format":"standard","meta":{"fifu_image_url":"http:\/\/www.leaders.com.tn\/uploads\/content\/thumbnails_small\/1634832349_article.jpg","fifu_image_alt":"Vient de para\u00eetre -  Un nouveau recueil po\u00e9tique de Abdelaziz Kacem : \u00abQuatrains en d\u00e9sh\u00e9rence\u00bb","footnotes":""},"categories":[73,55],"tags":[],"class_list":["post-130705","post","type-post","status-publish","format-standard","hentry","category-actualite","category-tunisie"],"_links":{"self":[{"href":"https:\/\/linitiative.ca\/International\/wp-json\/wp\/v2\/posts\/130705","targetHints":{"allow":["GET"]}}],"collection":[{"href":"https:\/\/linitiative.ca\/International\/wp-json\/wp\/v2\/posts"}],"about":[{"href":"https:\/\/linitiative.ca\/International\/wp-json\/wp\/v2\/types\/post"}],"author":[{"embeddable":true,"href":"https:\/\/linitiative.ca\/International\/wp-json\/wp\/v2\/users\/1772"}],"replies":[{"embeddable":true,"href":"https:\/\/linitiative.ca\/International\/wp-json\/wp\/v2\/comments?post=130705"}],"version-history":[{"count":0,"href":"https:\/\/linitiative.ca\/International\/wp-json\/wp\/v2\/posts\/130705\/revisions"}],"wp:attachment":[{"href":"https:\/\/linitiative.ca\/International\/wp-json\/wp\/v2\/media?parent=130705"}],"wp:term":[{"taxonomy":"category","embeddable":true,"href":"https:\/\/linitiative.ca\/International\/wp-json\/wp\/v2\/categories?post=130705"},{"taxonomy":"post_tag","embeddable":true,"href":"https:\/\/linitiative.ca\/International\/wp-json\/wp\/v2\/tags?post=130705"}],"curies":[{"name":"wp","href":"https:\/\/api.w.org\/{rel}","templated":true}]}}