{"id":130707,"date":"2021-10-21T14:32:00","date_gmt":"2021-10-21T18:32:00","guid":{"rendered":"https:\/\/linitiative.ca\/International\/dr-mohamed-faouzi-drissi-presente-son-livre-soleil-geante-rouge-ce-vendredi-a-la-librairie-el-moez\/"},"modified":"2021-10-21T14:32:00","modified_gmt":"2021-10-21T18:32:00","slug":"dr-mohamed-faouzi-drissi-presente-son-livre-soleil-geante-rouge-ce-vendredi-a-la-librairie-el-moez","status":"publish","type":"post","link":"https:\/\/linitiative.ca\/International\/dr-mohamed-faouzi-drissi-presente-son-livre-soleil-geante-rouge-ce-vendredi-a-la-librairie-el-moez\/","title":{"rendered":"Dr Mohamed Faouzi Drissi pr\u00e9sente son livre \u00abSoleil-G\u00e9ante rouge\u00bb ce vendredi \u00e0 la Librairie El Moez"},"content":{"rendered":"<div><img decoding=\"async\" src=\"https:\/\/linitiative.ca\/International\/wp-content\/uploads\/sites\/23\/2021\/10\/1634837708_article.jpg\" alt=\"Dr Mohamed Faouzi Drissi pr\u00e9sente son livre \u00abSoleil-G\u00e9ante rouge\u00bb ce vendredi \u00e0 la Librairie El Moez  \" align=\"left\">La Librairie El Moez organise ce vendredi 22 octobre 2021,\u00a0 une s\u00e9ance\u00a0 de pr\u00e9sentation et de d\u00e9dicaces du nouveau livre du Dr Mohamed Faouzi Drissi, docteur en m\u00e9decine et sp\u00e9cialiste en cardiologie\u00a0 \u00abSoleil-G\u00e9ante rouge concordance science et livres sacr\u00e9s\u00bb.<br \/>\nC\u2019est le Pr Rachid Mechmech, cardiologue et ancien doyen de la Facult\u00e9 de M\u00e9decine de Tunis et chef du Service cardiologie du CHU de La Rabta qui proc\u00e8dera \u00e0 la pr\u00e9sentation qui aura lieu \u00e0 la Librairie El Moez, El Menzah 1 \u00e0 partir de 17 heures. \u00a0<br \/>\nSoleil-G\u00e9ante rouge concordance science et Livres sacr\u00e9s<br \/>\ndu Dr Mohamed Faouzi Drissi<br \/>\nEditions Leaders, octobre 2021, 228 pages, 28 DT<br \/>\nEn librairies et sur &#8230;<\/p>\n<\/div>\n<p>Auteur:<br \/>\n<a href=\"https:\/\/www.leaders.com.tn\/article\/32561-dr-mohamed-faouzi-drissi-presente-son-livre-soleil-geante-rouge-ce-vendredi-a-la-librairie-el-moez\">Cliquez ici pour lire l&rsquo;article depuis sa source.<\/a><\/p>\n","protected":false},"excerpt":{"rendered":"<p>La Librairie El Moez organise ce vendredi 22 octobre 2021,\u00a0 une s\u00e9ance\u00a0 de pr\u00e9sentation et de d\u00e9dicaces du nouveau livre du Dr Mohamed Faouzi Drissi, docteur en m\u00e9decine et sp\u00e9cialiste en cardiologie\u00a0 \u00abSoleil-G\u00e9ante rouge concordance science et livres sacr\u00e9s\u00bb. C\u2019est le Pr Rachid Mechmech, cardiologue et ancien doyen de la Facult\u00e9 de M\u00e9decine de Tunis [&hellip;]<\/p>\n","protected":false},"author":1772,"featured_media":0,"comment_status":"closed","ping_status":"closed","sticky":false,"template":"","format":"standard","meta":{"fifu_image_url":"http:\/\/www.leaders.com.tn\/uploads\/content\/thumbnails_small\/1634837708_article.jpg","fifu_image_alt":"Dr Mohamed Faouzi Drissi pr\u00e9sente son livre \u00abSoleil-G\u00e9ante rouge\u00bb ce vendredi \u00e0 la Librairie El Moez","footnotes":""},"categories":[73,55],"tags":[],"class_list":["post-130707","post","type-post","status-publish","format-standard","hentry","category-actualite","category-tunisie"],"_links":{"self":[{"href":"https:\/\/linitiative.ca\/International\/wp-json\/wp\/v2\/posts\/130707","targetHints":{"allow":["GET"]}}],"collection":[{"href":"https:\/\/linitiative.ca\/International\/wp-json\/wp\/v2\/posts"}],"about":[{"href":"https:\/\/linitiative.ca\/International\/wp-json\/wp\/v2\/types\/post"}],"author":[{"embeddable":true,"href":"https:\/\/linitiative.ca\/International\/wp-json\/wp\/v2\/users\/1772"}],"replies":[{"embeddable":true,"href":"https:\/\/linitiative.ca\/International\/wp-json\/wp\/v2\/comments?post=130707"}],"version-history":[{"count":0,"href":"https:\/\/linitiative.ca\/International\/wp-json\/wp\/v2\/posts\/130707\/revisions"}],"wp:attachment":[{"href":"https:\/\/linitiative.ca\/International\/wp-json\/wp\/v2\/media?parent=130707"}],"wp:term":[{"taxonomy":"category","embeddable":true,"href":"https:\/\/linitiative.ca\/International\/wp-json\/wp\/v2\/categories?post=130707"},{"taxonomy":"post_tag","embeddable":true,"href":"https:\/\/linitiative.ca\/International\/wp-json\/wp\/v2\/tags?post=130707"}],"curies":[{"name":"wp","href":"https:\/\/api.w.org\/{rel}","templated":true}]}}