{"id":130709,"date":"2021-10-22T05:35:00","date_gmt":"2021-10-22T09:35:00","guid":{"rendered":"https:\/\/linitiative.ca\/International\/abdelaziz-kacem-lintelligentsia-ou-la-menopause-du-cogito\/"},"modified":"2021-10-22T05:35:00","modified_gmt":"2021-10-22T09:35:00","slug":"abdelaziz-kacem-lintelligentsia-ou-la-menopause-du-cogito","status":"publish","type":"post","link":"https:\/\/linitiative.ca\/International\/abdelaziz-kacem-lintelligentsia-ou-la-menopause-du-cogito\/","title":{"rendered":"Abdelaziz Kacem: L\u2019intelligentsia ou la m\u00e9nopause du cogito"},"content":{"rendered":"<div><img decoding=\"async\" src=\"https:\/\/linitiative.ca\/International\/wp-content\/uploads\/sites\/23\/2021\/10\/1634901388_article.jpg\" alt=\"Abdelaziz Kacem: L\u2019intelligentsia ou la m\u00e9nopause du cogito\" align=\"left\">La crise est mondiale, elle est politique, socio\u00e9conomique. C\u2019est l\u00e0 son aspect le plus visible, non le plus grave. La crise est plus que jamais socio\u00e9ducative, socioculturelle. Tous les pays de la plan\u00e8te, par-del\u00e0 le Covid-19, ont en partage cette tendance au cr\u00e9tinisme. L\u2019Occident en a d\u00e9j\u00e0 pris conscience et j\u2019y reviens. Le Tiers-monde, presque \u00e9merveill\u00e9, s\u2019acharne \u00e0 d\u00e9velopper son sous-d\u00e9veloppement. Les terres d\u2019islam entretiennent leurs croyances m\u00e9tastas\u00e9es.<br \/>\nQu\u2019en est-il de nos compatriotes ? Ils semblent \u00eatre les seuls terriens \u00e0 ne voir plus loin que le bout de leur nez. Ils pataugent dans le cloaque de leur microcosme rabougri, avec l\u2019egocentrique &#8230;<\/p>\n<\/div>\n<p>Auteur:<br \/>\n<a href=\"https:\/\/www.leaders.com.tn\/article\/32562-abdelaziz-kacem-l-intelligentsia-ou-la-menopause-du-cogito\">Cliquez ici pour lire l&rsquo;article depuis sa source.<\/a><\/p>\n","protected":false},"excerpt":{"rendered":"<p>La crise est mondiale, elle est politique, socio\u00e9conomique. C\u2019est l\u00e0 son aspect le plus visible, non le plus grave. La crise est plus que jamais socio\u00e9ducative, socioculturelle. Tous les pays de la plan\u00e8te, par-del\u00e0 le Covid-19, ont en partage cette tendance au cr\u00e9tinisme. L\u2019Occident en a d\u00e9j\u00e0 pris conscience et j\u2019y reviens. Le Tiers-monde, presque [&hellip;]<\/p>\n","protected":false},"author":1772,"featured_media":0,"comment_status":"closed","ping_status":"closed","sticky":false,"template":"","format":"standard","meta":{"fifu_image_url":"http:\/\/www.leaders.com.tn\/uploads\/content\/thumbnails_small\/1634901388_article.jpg","fifu_image_alt":"Abdelaziz Kacem: L\u2019intelligentsia ou la m\u00e9nopause du cogito","footnotes":""},"categories":[73,55],"tags":[],"class_list":["post-130709","post","type-post","status-publish","format-standard","hentry","category-actualite","category-tunisie"],"_links":{"self":[{"href":"https:\/\/linitiative.ca\/International\/wp-json\/wp\/v2\/posts\/130709","targetHints":{"allow":["GET"]}}],"collection":[{"href":"https:\/\/linitiative.ca\/International\/wp-json\/wp\/v2\/posts"}],"about":[{"href":"https:\/\/linitiative.ca\/International\/wp-json\/wp\/v2\/types\/post"}],"author":[{"embeddable":true,"href":"https:\/\/linitiative.ca\/International\/wp-json\/wp\/v2\/users\/1772"}],"replies":[{"embeddable":true,"href":"https:\/\/linitiative.ca\/International\/wp-json\/wp\/v2\/comments?post=130709"}],"version-history":[{"count":0,"href":"https:\/\/linitiative.ca\/International\/wp-json\/wp\/v2\/posts\/130709\/revisions"}],"wp:attachment":[{"href":"https:\/\/linitiative.ca\/International\/wp-json\/wp\/v2\/media?parent=130709"}],"wp:term":[{"taxonomy":"category","embeddable":true,"href":"https:\/\/linitiative.ca\/International\/wp-json\/wp\/v2\/categories?post=130709"},{"taxonomy":"post_tag","embeddable":true,"href":"https:\/\/linitiative.ca\/International\/wp-json\/wp\/v2\/tags?post=130709"}],"curies":[{"name":"wp","href":"https:\/\/api.w.org\/{rel}","templated":true}]}}