{"id":130719,"date":"2021-10-22T14:51:11","date_gmt":"2021-10-22T18:51:11","guid":{"rendered":"https:\/\/linitiative.ca\/International\/la-ram-reprend-ses-vols-a-destination-du-canada-des-le-29-octobre\/"},"modified":"2021-10-22T14:51:11","modified_gmt":"2021-10-22T18:51:11","slug":"la-ram-reprend-ses-vols-a-destination-du-canada-des-le-29-octobre","status":"publish","type":"post","link":"https:\/\/linitiative.ca\/International\/la-ram-reprend-ses-vols-a-destination-du-canada-des-le-29-octobre\/","title":{"rendered":"La RAM reprend ses vols \u00e0 destination du Canada d\u00e8s le 29 octobre"},"content":{"rendered":"<div><img decoding=\"async\" width=\"900\" height=\"507\" src=\"https:\/\/linitiative.ca\/International\/wp-content\/uploads\/sites\/23\/2021\/10\/RAM.jpg\" class=\"attachment-post-thumbnail size-post-thumbnail wp-post-image\" alt=\"\" loading=\"lazy\" srcset=\"https:\/\/linitiative.ca\/International\/wp-content\/uploads\/sites\/23\/2021\/10\/RAM.jpg 900w, https:\/\/www.challenge.ma\/wp-content\/uploads\/2020\/06\/RAM-300x169.jpg 300w, https:\/\/www.challenge.ma\/wp-content\/uploads\/2020\/06\/RAM-768x433.jpg 768w, https:\/\/www.challenge.ma\/wp-content\/uploads\/2020\/06\/RAM-360x203.jpg 360w, https:\/\/www.challenge.ma\/wp-content\/uploads\/2020\/06\/RAM-750x423.jpg 750w\" sizes=\"auto, (max-width: 900px) 100vw, 900px\" itemprop=\"image\">Bonne nouvelle pour les voyageurs \u00e0 destination du Canada. Le transporteur a\u00e9rien national annonce qu\u2019il va reprendre les vols reliant Casablanca \u00e0 Montr\u00e9al \u00e0 partir du 29 octobre. Royal Air Maroc vient d\u2019annoncer que les vols reliant Casablanca \u00e0 Montr\u00e9al reprendront \u00e0 partir du 29 octobre. \u00ab\u00a0Les passagers pourront d\u00e9sormais<\/div>\n<p>Auteur: challenge<br \/>\n<a href=\"https:\/\/www.challenge.ma\/aerien-la-ram-reprend-ses-vols-a-destination-du-canada-des-le-29-octobre-224211\/\">Cliquez ici pour lire l&rsquo;article depuis sa source.<\/a><\/p>\n","protected":false},"excerpt":{"rendered":"<p>Bonne nouvelle pour les voyageurs \u00e0 destination du Canada. Le transporteur a\u00e9rien national annonce qu\u2019il va reprendre les vols reliant Casablanca \u00e0 Montr\u00e9al \u00e0 partir du 29 octobre. Royal Air Maroc vient d\u2019annoncer que les vols reliant Casablanca \u00e0 Montr\u00e9al reprendront \u00e0 partir du 29 octobre. \u00ab\u00a0Les passagers pourront d\u00e9sormais Auteur: challenge Cliquez ici pour [&hellip;]<\/p>\n","protected":false},"author":1787,"featured_media":0,"comment_status":"closed","ping_status":"closed","sticky":false,"template":"","format":"standard","meta":{"fifu_image_url":"https:\/\/www.challenge.ma\/wp-content\/uploads\/2020\/06\/RAM.jpg","fifu_image_alt":"La RAM reprend ses vols \u00e0 destination du Canada d\u00e8s le 29 octobre","footnotes":""},"categories":[78,54],"tags":[],"class_list":["post-130719","post","type-post","status-publish","format-standard","hentry","category-economie","category-maroc"],"_links":{"self":[{"href":"https:\/\/linitiative.ca\/International\/wp-json\/wp\/v2\/posts\/130719","targetHints":{"allow":["GET"]}}],"collection":[{"href":"https:\/\/linitiative.ca\/International\/wp-json\/wp\/v2\/posts"}],"about":[{"href":"https:\/\/linitiative.ca\/International\/wp-json\/wp\/v2\/types\/post"}],"author":[{"embeddable":true,"href":"https:\/\/linitiative.ca\/International\/wp-json\/wp\/v2\/users\/1787"}],"replies":[{"embeddable":true,"href":"https:\/\/linitiative.ca\/International\/wp-json\/wp\/v2\/comments?post=130719"}],"version-history":[{"count":0,"href":"https:\/\/linitiative.ca\/International\/wp-json\/wp\/v2\/posts\/130719\/revisions"}],"wp:attachment":[{"href":"https:\/\/linitiative.ca\/International\/wp-json\/wp\/v2\/media?parent=130719"}],"wp:term":[{"taxonomy":"category","embeddable":true,"href":"https:\/\/linitiative.ca\/International\/wp-json\/wp\/v2\/categories?post=130719"},{"taxonomy":"post_tag","embeddable":true,"href":"https:\/\/linitiative.ca\/International\/wp-json\/wp\/v2\/tags?post=130719"}],"curies":[{"name":"wp","href":"https:\/\/api.w.org\/{rel}","templated":true}]}}