{"id":130726,"date":"2021-10-22T17:13:48","date_gmt":"2021-10-22T21:13:48","guid":{"rendered":"https:\/\/linitiative.ca\/International\/tunisie-arrestation-de-la-femme-qui-a-ete-a-lorigine-de-laffaire-de-laeroport-des-deputes-dal-karama\/"},"modified":"2021-10-22T17:13:48","modified_gmt":"2021-10-22T21:13:48","slug":"tunisie-arrestation-de-la-femme-qui-a-ete-a-lorigine-de-laffaire-de-laeroport-des-deputes-dal-karama","status":"publish","type":"post","link":"https:\/\/linitiative.ca\/International\/tunisie-arrestation-de-la-femme-qui-a-ete-a-lorigine-de-laffaire-de-laeroport-des-deputes-dal-karama\/","title":{"rendered":"Tunisie \u2013 Arrestation de la femme qui a \u00e9t\u00e9 \u00e0 l\u2019origine de l\u2019affaire de l\u2019a\u00e9roport des d\u00e9put\u00e9s d\u2019Al Karama"},"content":{"rendered":"<div>\n<p>Une brigade de police a investi, ce vendredi, le domicile de la femme qui \u00e9tait \u00e0 l\u2019origine des troubles perp\u00e9tr\u00e9s \u00e0 l\u2019a\u00e9roport de Tunis Carthage par les d\u00e9put\u00e9s d\u2019al Karama, et l\u2019ont arr\u00eat\u00e9, suite \u00e0 l\u2019\u00e9mission d\u2019un mandat d\u2019amener \u00e0 son encontre. Pour rappel, les d\u00e9put\u00e9s d\u2019Al Karama ont sem\u00e9 le trouble dans le hall [\u2026]<\/p>\n<p>L\u2019article <a href=\"https:\/\/www.tunisienumerique.com\/tunisie-arrestation-de-la-femme-qui-a-ete-a-lorigine-de-laffaire-de-laeroport-des-deputes-dal-karama\/\">Tunisie \u2013 Arrestation de la femme qui a \u00e9t\u00e9 \u00e0 l\u2019origine de l\u2019affaire de l\u2019a\u00e9roport des d\u00e9put\u00e9s d\u2019Al Karama<\/a> est apparu en premier sur <a href=\"https:\/\/www.tunisienumerique.com\/\">Tunisie<\/a>.<\/p>\n<\/div>\n<p>Auteur: LM<br \/>\n<a href=\"https:\/\/www.tunisienumerique.com\/tunisie-arrestation-de-la-femme-qui-a-ete-a-lorigine-de-laffaire-de-laeroport-des-deputes-dal-karama\/\">Cliquez ici pour lire l&rsquo;article depuis sa source.<\/a><\/p>\n","protected":false},"excerpt":{"rendered":"<p>Une brigade de police a investi, ce vendredi, le domicile de la femme qui \u00e9tait \u00e0 l\u2019origine des troubles perp\u00e9tr\u00e9s \u00e0 l\u2019a\u00e9roport de Tunis Carthage par les d\u00e9put\u00e9s d\u2019al Karama, et l\u2019ont arr\u00eat\u00e9, suite \u00e0 l\u2019\u00e9mission d\u2019un mandat d\u2019amener \u00e0 son encontre. Pour rappel, les d\u00e9put\u00e9s d\u2019Al Karama ont sem\u00e9 le trouble dans le hall [&hellip;]<\/p>\n","protected":false},"author":1789,"featured_media":0,"comment_status":"closed","ping_status":"closed","sticky":false,"template":"","format":"standard","meta":{"fifu_image_url":"","fifu_image_alt":"","footnotes":""},"categories":[73,55],"tags":[],"class_list":["post-130726","post","type-post","status-publish","format-standard","hentry","category-actualite","category-tunisie"],"_links":{"self":[{"href":"https:\/\/linitiative.ca\/International\/wp-json\/wp\/v2\/posts\/130726","targetHints":{"allow":["GET"]}}],"collection":[{"href":"https:\/\/linitiative.ca\/International\/wp-json\/wp\/v2\/posts"}],"about":[{"href":"https:\/\/linitiative.ca\/International\/wp-json\/wp\/v2\/types\/post"}],"author":[{"embeddable":true,"href":"https:\/\/linitiative.ca\/International\/wp-json\/wp\/v2\/users\/1789"}],"replies":[{"embeddable":true,"href":"https:\/\/linitiative.ca\/International\/wp-json\/wp\/v2\/comments?post=130726"}],"version-history":[{"count":0,"href":"https:\/\/linitiative.ca\/International\/wp-json\/wp\/v2\/posts\/130726\/revisions"}],"wp:attachment":[{"href":"https:\/\/linitiative.ca\/International\/wp-json\/wp\/v2\/media?parent=130726"}],"wp:term":[{"taxonomy":"category","embeddable":true,"href":"https:\/\/linitiative.ca\/International\/wp-json\/wp\/v2\/categories?post=130726"},{"taxonomy":"post_tag","embeddable":true,"href":"https:\/\/linitiative.ca\/International\/wp-json\/wp\/v2\/tags?post=130726"}],"curies":[{"name":"wp","href":"https:\/\/api.w.org\/{rel}","templated":true}]}}