{"id":130747,"date":"2021-10-23T10:55:43","date_gmt":"2021-10-23T14:55:43","guid":{"rendered":"https:\/\/linitiative.ca\/International\/le-maroc-futur-champion-du-made-in-morocco-vert\/"},"modified":"2021-10-23T10:55:43","modified_gmt":"2021-10-23T14:55:43","slug":"le-maroc-futur-champion-du-made-in-morocco-vert","status":"publish","type":"post","link":"https:\/\/linitiative.ca\/International\/le-maroc-futur-champion-du-made-in-morocco-vert\/","title":{"rendered":"Le Maroc, futur champion du \u00abMade in Morocco Vert\u00bb"},"content":{"rendered":"<div>\n<p><img loading=\"lazy\" decoding=\"async\" width=\"300\" height=\"153\" src=\"https:\/\/linitiative.ca\/International\/wp-content\/uploads\/sites\/23\/2021\/10\/Badr-Ikken-DG-de-lIRESEN-300x153-1.jpg\" class=\"attachment-medium size-medium wp-post-image\" alt=\"\" srcset=\"https:\/\/linitiative.ca\/International\/wp-content\/uploads\/sites\/23\/2021\/10\/Badr-Ikken-DG-de-lIRESEN-300x153-1.jpg 300w, https:\/\/aujourdhui.ma\/wp-content\/uploads\/2021\/02\/Badr-Ikken-DG-de-lIRESEN-274x140.jpg 274w, https:\/\/aujourdhui.ma\/wp-content\/uploads\/2021\/02\/Badr-Ikken-DG-de-lIRESEN.jpg 746w, https:\/\/aujourdhui.ma\/wp-content\/uploads\/2021\/02\/Badr-Ikken-DG-de-lIRESEN-165x84.jpg 165w, https:\/\/aujourdhui.ma\/wp-content\/uploads\/2021\/02\/Badr-Ikken-DG-de-lIRESEN-702x358.jpg 702w\" sizes=\"auto, (max-width: 300px) 100vw, 300px\"><\/p>\n<p><span style=\"font-size: 20px; color: #800000;\"><strong>Entretien avec Badr Ikken, directeur g\u00e9n\u00e9ral de l\u2019Institut de recherche en \u00e9nergie solaire et \u00e9nergies nouvelles (IRESEN)<\/strong><\/span><span id=\"more-389612\"><\/span><\/p>\n<p><strong>ALM\u00a0: Le Maroc ne cesse de formuler son ambition de d\u00e9velopper une expertise en termes d\u2019hydrog\u00e8ne vert. Quels sont les atouts dont jouit le Royaume pour d\u00e9velopper cette fili\u00e8re? <\/strong><\/p>\n<p><span style=\"color: #ff0000;\"><strong>Badr Ikken\u00a0:<\/strong> <\/span>La vision royale ainsi que les projets ambitieux et volontaristes que nous avons mis en place nous ont bien plac\u00e9s sur l\u2019\u00e9chiquier international. Aujourd\u2019hui, les consortiums et grands groupes qui sont int\u00e9ress\u00e9s par cette fili\u00e8re d\u2019hydrog\u00e8ne vert peuvent s\u2019orienter vers le Maroc pour la simple raison qu\u2019il dispose d\u2019une bonne expertise en termes du renouvelable. Outre l\u2019engagement du secteur public \u00e0 relever le d\u00e9fi de la transition \u00e9nerg\u00e9tique, le Maroc dispose de grandes industries et infrastructures de recherche qui permettront d\u2019accompagner cette dynamique et de l\u2019\u00e9riger non seulement en tant que champion d\u2019\u00e9nergies renouvelables et de la production de la mol\u00e9cule verte mais \u00e9galement en tant que champion du \u00ab\u00a0Made in Morocco vert\u00a0\u00bb.<\/p>\n<p><strong>Quelles sont les instances qui pilotent cette fili\u00e8re?<\/strong><\/p>\n<p>Nous disposons actuellement d\u2019une commission nationale en charge de l\u2019hydrog\u00e8ne vert qui tient des r\u00e9unions \u00e0 fr\u00e9quences r\u00e9guli\u00e8res. Nous disposons aussi d\u2019un cluster \u00ab\u00a0Green H2\u00a0\u00bb qui, tout comme la commission nationale, \u0153uvre \u00e0 accompagner l\u2019\u00e9mergence de cette fili\u00e8re, dans le cadre d\u2019une approche publique-priv\u00e9e. En effet, 40 entreprises y adh\u00e8rent aux c\u00f4t\u00e9s des universit\u00e9s et des centres de recherches. L\u2019id\u00e9e \u00e9tant d\u2019avoir un cluster orient\u00e9 recherche, innovation et industrie.<\/p>\n<p><strong>La fili\u00e8re dispose aujourd\u2019hui d\u2019une feuille de route bien ficel\u00e9e. Quelles sont les grandes lignes de ce dispositif\u00a0?<\/strong><\/p>\n<p>Il est important de souligner que le Maroc figure parmi les premiers pays arabes et africains \u00e0 avoir une feuille de route d\u00e9di\u00e9e \u00e0 l\u2019hydrog\u00e8ne vert. Le dispositif s\u2019articule autour de huit piliers, \u00e0 savoir la baisse des co\u00fbts, le d\u00e9veloppement d\u2019un \u00e9cosyst\u00e8me d\u2019expertise et de recherche &amp; innovation, la mise en place d\u2019un cluster industriel, l\u2019\u00e9laboration du sch\u00e9ma directeur de l\u2019infrastructure ainsi que la pr\u00e9paration d\u2019un cadre propice \u00e0 l\u2019export. A cela s\u2019ajoutent l\u2019axe financement et le d\u00e9veloppement du march\u00e9 local.<\/p>\n<p><strong>Comment s\u2019op\u00e8re cette feuille de route sur le terrain?<\/strong><\/p>\n<p>Nous avons des activit\u00e9s en cours pour la mise en place de chaque axe pr\u00e9cit\u00e9. Sur le volet \u00ab\u00a0encouragement du d\u00e9veloppement de l\u2019expertise et de la recherche &amp; innovation, \u00e0 titre d\u2019exemple, IRESEN \u0153uvre en collaboration avec l\u2019Universit\u00e9 Mohammed VI polytechnique (UM6P) et le Green Energy Park pour la mise en place d\u2019une plateforme de recherche baptis\u00e9e \u201cGreen h2 A\u201d dont les travaux de construction d\u00e9marreront d\u00e9but 2022. Cette plateforme de recherche ressemblera dans son concept \u00e0 la plateforme Green Energy Park de Benguerir qui int\u00e8gre des laboratoires et plusieurs projets pilotes portant sur l\u2019exploitation, la maintenance, la validation des solutions technologiques et l\u2019optimisation de syst\u00e8mes. La plateforme Green H2A int\u00e9grera plusieurs laboratoires pour les applications hydrog\u00e8nes. Cette plateforme sera au niveau du site industriel de Jorf. Cette infrastructure permettra en effet d\u2019accompagner la dynamique op\u00e9r\u00e9e. Car pour accompagner l\u2019\u00e9mergence d\u2019une fili\u00e8re il faut rendre disponibles \u00e0 la fois l\u2019expertise et les infrastructures de recherches et d\u2019innovation. La plateforme Green H2A r\u00e9pond pleinement \u00e0 cette orientation. Il va y avoir, dans l\u2019avenir, plusieurs projets pilotes. Un appel d\u2019offres est d\u00e9j\u00e0 lanc\u00e9 pour la s\u00e9lection avant la fin de l\u2019ann\u00e9e du consortium qui, d\u00e9but 2022, commencera \u00e0 mettre des projets pilotes dont un pour la production d\u2019ammoniac vert, soit une premi\u00e8re au niveau du continent. D\u2019autres projets suivront tels que ceux relatifs au t\u00e9tanol vert, les combustibles synth\u00e9tiques, en l\u2019occurrence le k\u00e9ros\u00e8ne et le diesel synth\u00e9tiques<\/p>\n<p><strong>Quelle est la consistance des premiers projets qui seront mis en \u0153uvre?<\/strong><\/p>\n<p>Nous commencerons par des projets pilotes de petites tailles. Cela nous permettra de ma\u00eetriser davantage la technologie et d\u2019accompagner au mieux la mont\u00e9e en puissance passant ainsi du m\u00e9gawatt au gigawatt. D\u2019ailleurs, m\u00eame les producteurs d\u2019\u00e9lectrolyseurs, composant essentiel de cette cha\u00eene de valeur, adoptent le m\u00eame sch\u00e9ma. Ils passent actuellement du 1 m\u00e9gawatt \u00e0 10 voire 20 m\u00e9gawatts. Certes, il faudra encore quelques ann\u00e9es pour atteindre la vitesse de croisi\u00e8re mais nous sommes en train de nous positionner pour avoir tous les atouts afin de d\u00e9velopper cette fili\u00e8re. Ceci passe par la pr\u00e9paration en amont de l\u2019expertise ainsi que le positionnement des industriels et entreprises sur les diff\u00e9rents maillons de la cha\u00eene de valeur. Il ne faut pas oublier que nous avons de tr\u00e8s grandes entreprises positionn\u00e9es sur les \u00e9nergies renouvelables avec une part importante pour l\u2019\u00e9olien et le solaire ainsi que de grands industriels sur des secteurs \u00e0 forte valeur ajout\u00e9e tels que la chimie.<\/p>\n<p><strong>Dispose-t-on d\u2019un cadre r\u00e9glementaire propice au d\u00e9veloppement de cette fili\u00e8re dans les d\u00e9lais impartis\u00a0?<\/strong><\/p>\n<p>Comme je l\u2019ai cit\u00e9 auparavant, pour chaque axe annonc\u00e9 dans le cadre de la feuille de route nous menons des \u00e9tudes d\u00e9taill\u00e9es qui permettront de mettre en place rapidement le cadre r\u00e9glementaire n\u00e9cessaire. Les premiers projets commenceront probablement \u00e0 partir de 2026-2027. D\u2019ici l\u00e0 nous avons le temps pour mettre en place les cadres propices pour d\u00e9velopper la fili\u00e8re qui nous permettra d\u2019exporter cette mati\u00e8re premi\u00e8re et ce vecteur d\u2019\u00e9nergie. Pour ce faire, nous pouvons tr\u00e8s bien utiliser, dans un premier temps, l\u2019infrastructure maritime existante pour exporter cette mati\u00e8re premi\u00e8re. C\u2019est une orientation importante pour renforcer notre positionnement et le positionnement du secteur priv\u00e9. On peut clairement faire l\u2019analogie entre l\u2019hydrog\u00e8ne vert et l\u2019industrie automobile. Apr\u00e8s avoir pr\u00e9par\u00e9 le cadre propice, les consortiums viendront s\u2019installer au Maroc pour utiliser les ressources abondantes renouvelables, la transformer et l\u2019exporter comme on exporte les voitures.<\/p>\n<p><strong>Cet objectif d\u2019exportation est-il r\u00e9alisable?<\/strong><\/p>\n<p>Le potentiel d\u2019export est beaucoup plus important. Si l\u2019on prend la d\u00e9carbonation pour exemple, le march\u00e9 local reste limit\u00e9 par rapport \u00e0 nos gisements et potentialit\u00e9s. Cependant, l\u2019exportation nous permettra d\u2019exploiter encore plus fortement le gisement renouvelable ainsi que de cofinancer notre transition \u00e9nerg\u00e9tique et la forte d\u00e9carbonation de diff\u00e9rents secteurs de notre pays. Nous avons commenc\u00e9 \u00e0 d\u00e9carboner le secteur d\u2019\u00e9lectricit\u00e9 au Maroc mais il est important de d\u00e9carboner la mobilit\u00e9, les transports et les industries.<\/p>\n<p><strong>Qu\u2019en est-il de la coop\u00e9ration internationale?<\/strong><\/p>\n<p>La collaboration internationale est tr\u00e8s importante. Il s\u2019agit vraiment de contribuer \u00e0 d\u00e9velopper des march\u00e9s r\u00e9gionaux et cr\u00e9er des compl\u00e9mentarit\u00e9s entre les pays producteurs et les pays importateurs. Il est \u00e0 souligner que le Maroc scelle des partenariats avec plusieurs pays dont le Portugal. Nous disposons \u00e9galement d\u2019un cadre de collaboration internationale mis en place par l\u2019Agence internationale pour les \u00e9nergies renouvelables (IRENA) et coordonn\u00e9 par le Maroc et la Commission europ\u00e9enne. Les travaux dans ce sens portent sur les standards, les certificats de garantie d\u2019origine ainsi que la r\u00e9glementation. Il sera \u00e9galement proc\u00e9d\u00e9 durant la COP \u00e0 la cr\u00e9ation d\u2019une alliance africaine d\u2019hydrog\u00e8ne vert.<\/p>\n<\/div>\n<p>Auteur: Kawtar Tali<br \/>\n<a href=\"https:\/\/aujourdhui.ma\/economie\/le-maroc-futur-champion-du-made-in-morocco-vert\">Cliquez ici pour lire l&rsquo;article depuis sa source.<\/a><\/p>\n","protected":false},"excerpt":{"rendered":"<p>Entretien avec Badr Ikken, directeur g\u00e9n\u00e9ral de l\u2019Institut de recherche en \u00e9nergie solaire et \u00e9nergies nouvelles (IRESEN) ALM\u00a0: Le Maroc ne cesse de formuler son ambition de d\u00e9velopper une expertise en termes d\u2019hydrog\u00e8ne vert. Quels sont les atouts dont jouit le Royaume pour d\u00e9velopper cette fili\u00e8re? Badr Ikken\u00a0: La vision royale ainsi que les projets [&hellip;]<\/p>\n","protected":false},"author":1759,"featured_media":0,"comment_status":"closed","ping_status":"closed","sticky":false,"template":"","format":"standard","meta":{"fifu_image_url":"https:\/\/aujourdhui.ma\/wp-content\/uploads\/2021\/02\/Badr-Ikken-DG-de-lIRESEN-300x153.jpg","fifu_image_alt":"Le Maroc, futur champion du \u00abMade in Morocco Vert\u00bb","footnotes":""},"categories":[73,54],"tags":[],"class_list":["post-130747","post","type-post","status-publish","format-standard","hentry","category-actualite","category-maroc"],"_links":{"self":[{"href":"https:\/\/linitiative.ca\/International\/wp-json\/wp\/v2\/posts\/130747","targetHints":{"allow":["GET"]}}],"collection":[{"href":"https:\/\/linitiative.ca\/International\/wp-json\/wp\/v2\/posts"}],"about":[{"href":"https:\/\/linitiative.ca\/International\/wp-json\/wp\/v2\/types\/post"}],"author":[{"embeddable":true,"href":"https:\/\/linitiative.ca\/International\/wp-json\/wp\/v2\/users\/1759"}],"replies":[{"embeddable":true,"href":"https:\/\/linitiative.ca\/International\/wp-json\/wp\/v2\/comments?post=130747"}],"version-history":[{"count":0,"href":"https:\/\/linitiative.ca\/International\/wp-json\/wp\/v2\/posts\/130747\/revisions"}],"wp:attachment":[{"href":"https:\/\/linitiative.ca\/International\/wp-json\/wp\/v2\/media?parent=130747"}],"wp:term":[{"taxonomy":"category","embeddable":true,"href":"https:\/\/linitiative.ca\/International\/wp-json\/wp\/v2\/categories?post=130747"},{"taxonomy":"post_tag","embeddable":true,"href":"https:\/\/linitiative.ca\/International\/wp-json\/wp\/v2\/tags?post=130747"}],"curies":[{"name":"wp","href":"https:\/\/api.w.org\/{rel}","templated":true}]}}