{"id":130749,"date":"2021-10-23T11:25:13","date_gmt":"2021-10-23T15:25:13","guid":{"rendered":"https:\/\/linitiative.ca\/International\/covid-19-maroc-la-situation-epidemiologique-au-23-octobre-2021-a-16h00\/"},"modified":"2021-10-23T11:25:13","modified_gmt":"2021-10-23T15:25:13","slug":"covid-19-maroc-la-situation-epidemiologique-au-23-octobre-2021-a-16h00","status":"publish","type":"post","link":"https:\/\/linitiative.ca\/International\/covid-19-maroc-la-situation-epidemiologique-au-23-octobre-2021-a-16h00\/","title":{"rendered":"Covid-19 \/ Maroc : La situation \u00e9pid\u00e9miologique au 23 octobre 2021 \u00e0 16H00"},"content":{"rendered":"<div>\n<p><img loading=\"lazy\" decoding=\"async\" width=\"300\" height=\"153\" src=\"https:\/\/linitiative.ca\/International\/wp-content\/uploads\/sites\/23\/2021\/10\/Covid19-Coronavirus-Ambulance-300x153-1.jpg\" class=\"attachment-medium size-medium wp-post-image\" alt=\"\" srcset=\"https:\/\/linitiative.ca\/International\/wp-content\/uploads\/sites\/23\/2021\/10\/Covid19-Coronavirus-Ambulance-300x153-1.jpg 300w, https:\/\/aujourdhui.ma\/wp-content\/uploads\/2021\/07\/Covid19-Coronavirus-Ambulance-274x140.jpg 274w, https:\/\/aujourdhui.ma\/wp-content\/uploads\/2021\/07\/Covid19-Coronavirus-Ambulance.jpg 746w, https:\/\/aujourdhui.ma\/wp-content\/uploads\/2021\/07\/Covid19-Coronavirus-Ambulance-165x84.jpg 165w, https:\/\/aujourdhui.ma\/wp-content\/uploads\/2021\/07\/Covid19-Coronavirus-Ambulance-702x358.jpg 702w\" sizes=\"auto, (max-width: 300px) 100vw, 300px\"><\/p>\n<p><span style=\"font-size: 24px; color: #800000;\"><strong>Entre hier \u00e0 16H00 et aujourd\u2019hui \u00e0 16H00<\/strong><\/span><\/p>\n<p>424 nouveaux cas soit un cumul de 944 076 cas \u00e0 ce jour.<br \/>\n400 gu\u00e9risons soit un cumul de 924 009 \u00e0 ce jour.<br \/>\n6 nouveaux d\u00e9c\u00e8s donc un cumul de 14 606 \u00e0 ce jour.<\/p>\n<p><span style=\"color: #ff0000;\"><strong>Nombre de personnes vaccin\u00e9es au 23 octobre 16H00<\/strong><\/span><\/p>\n<p>1\u00e8re dose :\u00a0<strong>23 623 502<\/strong><\/p>\n<p>2\u00e8me dose :<strong>\u00a021 419 613<br \/>\n<\/strong><\/p>\n<p>3\u00e8me dose :<strong>\u00a0968 277<\/strong><\/p>\n<p><a href=\"https:\/\/linitiative.ca\/International\/wp-content\/uploads\/sites\/23\/2021\/10\/coronavirus23102021_Page_1.jpg\"><img loading=\"lazy\" decoding=\"async\" class=\"aligncenter size-full wp-image-389640\" src=\"https:\/\/linitiative.ca\/International\/wp-content\/uploads\/sites\/23\/2021\/10\/coronavirus23102021_Page_1.jpg\" alt=\"\" width=\"540\" height=\"1020\" srcset=\"https:\/\/linitiative.ca\/International\/wp-content\/uploads\/sites\/23\/2021\/10\/coronavirus23102021_Page_1.jpg 540w, https:\/\/aujourdhui.ma\/wp-content\/uploads\/2021\/10\/coronavirus23102021_Page_1-159x300.jpg 159w\" sizes=\"auto, (max-width: 540px) 100vw, 540px\"><\/a> <a href=\"https:\/\/linitiative.ca\/International\/wp-content\/uploads\/sites\/23\/2021\/10\/coronavirus23102021_Page_2.jpg\"><img loading=\"lazy\" decoding=\"async\" class=\"aligncenter size-full wp-image-389641\" src=\"https:\/\/linitiative.ca\/International\/wp-content\/uploads\/sites\/23\/2021\/10\/coronavirus23102021_Page_2.jpg\" alt=\"\" width=\"540\" height=\"1020\" srcset=\"https:\/\/linitiative.ca\/International\/wp-content\/uploads\/sites\/23\/2021\/10\/coronavirus23102021_Page_2.jpg 540w, https:\/\/aujourdhui.ma\/wp-content\/uploads\/2021\/10\/coronavirus23102021_Page_2-159x300.jpg 159w\" sizes=\"auto, (max-width: 540px) 100vw, 540px\"><\/a> <a href=\"https:\/\/linitiative.ca\/International\/wp-content\/uploads\/sites\/23\/2021\/10\/coronavirus23102021_Page_3.jpg\"><img loading=\"lazy\" decoding=\"async\" class=\"aligncenter size-full wp-image-389642\" src=\"https:\/\/linitiative.ca\/International\/wp-content\/uploads\/sites\/23\/2021\/10\/coronavirus23102021_Page_3.jpg\" alt=\"\" width=\"540\" height=\"1020\" srcset=\"https:\/\/linitiative.ca\/International\/wp-content\/uploads\/sites\/23\/2021\/10\/coronavirus23102021_Page_3.jpg 540w, https:\/\/aujourdhui.ma\/wp-content\/uploads\/2021\/10\/coronavirus23102021_Page_3-159x300.jpg 159w\" sizes=\"auto, (max-width: 540px) 100vw, 540px\"><\/a> <a href=\"https:\/\/linitiative.ca\/International\/wp-content\/uploads\/sites\/23\/2021\/10\/coronavirus23102021_Page_4.jpg\"><img loading=\"lazy\" decoding=\"async\" class=\"aligncenter size-full wp-image-389643\" src=\"https:\/\/linitiative.ca\/International\/wp-content\/uploads\/sites\/23\/2021\/10\/coronavirus23102021_Page_4.jpg\" alt=\"\" width=\"540\" height=\"1020\" srcset=\"https:\/\/linitiative.ca\/International\/wp-content\/uploads\/sites\/23\/2021\/10\/coronavirus23102021_Page_4.jpg 540w, https:\/\/aujourdhui.ma\/wp-content\/uploads\/2021\/10\/coronavirus23102021_Page_4-159x300.jpg 159w\" sizes=\"auto, (max-width: 540px) 100vw, 540px\"><\/a><\/p>\n<p>\u00a0<\/p>\n<p>\u00a0<\/p>\n<p>\u00a0<\/p>\n<\/div>\n<p>Auteur: ALM<br \/>\n<a href=\"https:\/\/aujourdhui.ma\/societe\/covid-19-maroc-la-situation-epidemiologique-au-23-octobre-2021-a-16h00\">Cliquez ici pour lire l&rsquo;article depuis sa source.<\/a><\/p>\n","protected":false},"excerpt":{"rendered":"<p>Entre hier \u00e0 16H00 et aujourd\u2019hui \u00e0 16H00 424 nouveaux cas soit un cumul de 944 076 cas \u00e0 ce jour. 400 gu\u00e9risons soit un cumul de 924 009 \u00e0 ce jour. 6 nouveaux d\u00e9c\u00e8s donc un cumul de 14 606 \u00e0 ce jour. Nombre de personnes vaccin\u00e9es au 23 octobre 16H00 1\u00e8re dose :\u00a023 [&hellip;]<\/p>\n","protected":false},"author":1759,"featured_media":0,"comment_status":"closed","ping_status":"closed","sticky":false,"template":"","format":"standard","meta":{"fifu_image_url":"https:\/\/aujourdhui.ma\/wp-content\/uploads\/2021\/07\/Covid19-Coronavirus-Ambulance-300x153.jpg","fifu_image_alt":"Covid-19 \/ Maroc : La situation \u00e9pid\u00e9miologique au 23 octobre 2021 \u00e0 16H00","footnotes":""},"categories":[73,54],"tags":[],"class_list":["post-130749","post","type-post","status-publish","format-standard","hentry","category-actualite","category-maroc"],"_links":{"self":[{"href":"https:\/\/linitiative.ca\/International\/wp-json\/wp\/v2\/posts\/130749","targetHints":{"allow":["GET"]}}],"collection":[{"href":"https:\/\/linitiative.ca\/International\/wp-json\/wp\/v2\/posts"}],"about":[{"href":"https:\/\/linitiative.ca\/International\/wp-json\/wp\/v2\/types\/post"}],"author":[{"embeddable":true,"href":"https:\/\/linitiative.ca\/International\/wp-json\/wp\/v2\/users\/1759"}],"replies":[{"embeddable":true,"href":"https:\/\/linitiative.ca\/International\/wp-json\/wp\/v2\/comments?post=130749"}],"version-history":[{"count":0,"href":"https:\/\/linitiative.ca\/International\/wp-json\/wp\/v2\/posts\/130749\/revisions"}],"wp:attachment":[{"href":"https:\/\/linitiative.ca\/International\/wp-json\/wp\/v2\/media?parent=130749"}],"wp:term":[{"taxonomy":"category","embeddable":true,"href":"https:\/\/linitiative.ca\/International\/wp-json\/wp\/v2\/categories?post=130749"},{"taxonomy":"post_tag","embeddable":true,"href":"https:\/\/linitiative.ca\/International\/wp-json\/wp\/v2\/tags?post=130749"}],"curies":[{"name":"wp","href":"https:\/\/api.w.org\/{rel}","templated":true}]}}