{"id":130763,"date":"2021-10-23T11:57:01","date_gmt":"2021-10-23T15:57:01","guid":{"rendered":"https:\/\/linitiative.ca\/International\/colloque-de-moulay-ali-cherif-al-mourrakochi-leadership-du-maroc\/"},"modified":"2021-10-23T11:57:01","modified_gmt":"2021-10-23T15:57:01","slug":"colloque-de-moulay-ali-cherif-al-mourrakochi-leadership-du-maroc","status":"publish","type":"post","link":"https:\/\/linitiative.ca\/International\/colloque-de-moulay-ali-cherif-al-mourrakochi-leadership-du-maroc\/","title":{"rendered":"Colloque de Moulay Ali Cherif Al-Mourrakochi: leadership du Maroc"},"content":{"rendered":"<div>\n<div style=\"margin-bottom:20px;\"><img loading=\"lazy\" decoding=\"async\" width=\"750\" height=\"430\" src=\"https:\/\/linitiative.ca\/International\/wp-content\/uploads\/sites\/23\/2021\/10\/ali-charif-copier.jpg\" class=\"attachment-post-thumbnail size-post-thumbnail wp-post-image\" alt=\"\" srcset=\"https:\/\/linitiative.ca\/International\/wp-content\/uploads\/sites\/23\/2021\/10\/ali-charif-copier.jpg 750w, http:\/\/www.mapmarrakech.ma\/map\/uploads\/2021\/10\/ali-charif-copier-300x172.jpg 300w\" sizes=\"auto, (max-width: 750px) 100vw, 750px\"><\/div>\n<p>Lors d\u2019une conf\u00e9rence de presse, tenue vendredi \u00e0 Marrakech, pour la pr\u00e9sentation de cet \u00e9v\u00e9nement, les responsables de la Fondation Moulay Ali Cherif Al Mourrakochi ont indiqu\u00e9 que cette premi\u00e8re \u00e9dition, qui verra la participation d\u2019un parterre de oul\u00e9mas et chioukhs, issus de pays africains et des Etats-Unis, aura pour th\u00e8me central \u00ab\u00a0Les origines de l\u2019apport spirituel et du prolongement soufi marocain en terre africaine, \u00e0 partir de la maison du proph\u00e8te : la sollicitude de la Dynastie Alaouite ch\u00e9rifienne envers les zaouias et les confr\u00e9ries soufies\u00a0\u00bb.<\/p>\n<p>Initi\u00e9e en partenariat avec le minist\u00e8re de la Culture, de la Jeunesse et de la Communication, l\u2019Universit\u00e9 Cadi Ayyad (UCA), la Facult\u00e9 des Lettres et des Sciences humaines et la Direction r\u00e9gionale de la culture Marrakech-Safi, cette rencontre vise \u00e0 mettre en avant l\u2019apport de l\u2019appartenance \u00e0 la Maison du Proph\u00e8te dans la cons\u00e9cration de la s\u00e9curit\u00e9 spirituelle dans les pays du Continent africain, tout en jetant la lumi\u00e8re sur les racines historiques du leadership singulier du Royaume et la Haute Sollicitude des Sultans Alaouites envers les zaouias et confr\u00e9ries soufies.<\/p>\n<p>Ce conclave s\u2019assigne notamment pour objectifs de mettre en exergue le r\u00f4le des Sultans et Rois de la Dynastie Alaouite dans la construction et la restauration des sanctuaires et mausol\u00e9es des Saints, tout en soulignant le r\u00f4le du soufisme dans l\u2019\u00e9ducation de l\u2019\u00eatre humain, la cons\u00e9cration de la bonne conduite, la r\u00e9alisation de la s\u00e9curit\u00e9 spirituelle des nations et le raffermissement des relations religieuses et culturelles entre le Royaume et les pays africains, ajoutent les organisateurs.<\/p>\n<p>Et de poursuivre que le colloque tend aussi \u00e0 mettre en \u00e9vidence le r\u00f4le de \u00ab\u00a0Imarat Al Mouminine\u00a0\u00bb dans la consolidation des liens maroco-africains, ainsi que la contribution des confr\u00e9ries soufies dans ce sens.<\/p>\n<p>S\u2019exprimant \u00e0 cette occasion, le pr\u00e9sident de la Fondation Moulay Ali Cherif Al-Mourrakchi, My Salama Alaoui, a soulign\u00e9 la pertinence et la valeur spirituelle de la th\u00e9matique retenue pour ce premier colloque, partant de la richesse de l\u2019identit\u00e9 plurielle marocaine aux multiples affluents religieux.<\/p>\n<p>Cette rencontre se veut aussi une occasion de mettre en lumi\u00e8re le prolongement spirituel du Maroc en terre africaine, mais de mani\u00e8re renouvel\u00e9e et ouverte sur les diff\u00e9rentes cultures et civilisations.<\/p>\n<p>Pour sa part, le pr\u00e9sident de l\u2019UCA, M. Lhassan Hbid, a indiqu\u00e9 que l\u2019Universit\u00e9 entend, \u00e0 travers sa participation \u00e0 ce genre de forums culturels et spirituels, oeuvrer avec la Fondation et tous les acteurs concern\u00e9s pour faire la lumi\u00e8re sur les \u00e9tapes historiques et les r\u00f4les pionniers jou\u00e9s par la Dynastie Alaouite, et mettre en relief le patrimoine spirituel et immat\u00e9riel marocain pr\u00e9serv\u00e9 par les Sultans et Rois Alaouites.<\/p>\n<p>Il a \u00e9galement rappel\u00e9 le r\u00f4le de l\u2019universit\u00e9, dans sa relation avec son environnement socio-\u00e9conomique, dans la valorisation du patrimoine, la diffusion de la culture et la correction de plusieurs concepts inh\u00e9rents aux th\u00e8mes qui seront abord\u00e9s lors de ce colloque international.<\/p>\n<p>De son c\u00f4t\u00e9, le directeur r\u00e9gional de la culture \u00e0 Marrakech-Safi, Azouz Boujamid, a expliqu\u00e9 que dans le cadre des grandes orientations du minist\u00e8re de la Jeunesse, de la Culture et de la Communication (d\u00e9partement de la Culture) visant \u00e0 promouvoir ce genre de manifestations scientifiques, la direction r\u00e9gionale \u0153uvre en collaboration avec la Fondation Moulay Ali Cherif Al Mourrakochi et la Facult\u00e9 des Lettres et Sciences humaines pour l\u2019organisation d\u2019une s\u00e9rie de forums et colloques scientifiques, l\u2019objectif \u00e9tant de consacrer les valeurs de citoyennet\u00e9 chez les g\u00e9n\u00e9rations montantes.<\/p>\n<p>Quant au doyen de la Facult\u00e9 des Lettres et sciences humaines de Marrakech, Abderrahmane Ben Ali, il a insist\u00e9 sur le r\u00f4le agissant des Sultans et Rois Alaouites dans le rayonnement spirituel du Royaume, \u00e0 travers Leur Sollicitude envers les confr\u00e9ries soufies, et l\u2019appui apport\u00e9 \u00e0 leurs efforts dans l\u2019\u00e9ducation, comme en t\u00e9moigne les liens spirituels solides unissant le Royaume, sous la conduite \u00e9clair\u00e9e de Sa Majest\u00e9 le Roi Mohammed VI, Amir Al Mouminine, et les pays africains, tout en soulignant le r\u00f4le central du soufisme dans la consolidation de ces liens.<\/p>\n<p>Intervenant \u00e0 distance, des oul\u00e9mas et des chioukhs africains et am\u00e9ricains ont, \u00e0 leur tour, insist\u00e9 sur l\u2019importance de la th\u00e9matique du colloque, qui permettra aux participants de mettre l\u2019accent sur le r\u00f4le du Maroc dans la cons\u00e9cration des valeurs spirituelles et religieuses, fond\u00e9es sur les principes de tol\u00e9rance et de mod\u00e9ration, dans les pays africains.<\/p>\n<p>The post <a rel=\"nofollow\" href=\"http:\/\/www.mapmarrakech.ma\/fr\/colloque-de-moulay-ali-cherif-al-mourrakochi-leadership-du-maroc-en-afrique\/\">Colloque de Moulay Ali Cherif Al-Mourrakochi: leadership du Maroc<\/a> appeared first on <a rel=\"nofollow\" href=\"http:\/\/www.mapmarrakech.ma\/fr\">MapMarrakech<\/a>.<\/p>\n<\/div>\n<p>Auteur: Meriem IGASS<br \/>\n<a href=\"http:\/\/www.mapmarrakech.ma\/fr\/colloque-de-moulay-ali-cherif-al-mourrakochi-leadership-du-maroc-en-afrique\/\">Cliquez ici pour lire l&rsquo;article depuis sa source.<\/a><\/p>\n","protected":false},"excerpt":{"rendered":"<p>Lors d\u2019une conf\u00e9rence de presse, tenue vendredi \u00e0 Marrakech, pour la pr\u00e9sentation de cet \u00e9v\u00e9nement, les responsables de la Fondation Moulay Ali Cherif Al Mourrakochi ont indiqu\u00e9 que cette premi\u00e8re \u00e9dition, qui verra la participation d\u2019un parterre de oul\u00e9mas et chioukhs, issus de pays africains et des Etats-Unis, aura pour th\u00e8me central \u00ab\u00a0Les origines de [&hellip;]<\/p>\n","protected":false},"author":1788,"featured_media":0,"comment_status":"closed","ping_status":"closed","sticky":false,"template":"","format":"standard","meta":{"fifu_image_url":"http:\/\/www.mapmarrakech.ma\/map\/uploads\/2021\/10\/ali-charif-copier.jpg","fifu_image_alt":"Colloque de Moulay Ali Cherif Al-Mourrakochi: leadership du Maroc","footnotes":""},"categories":[54,76],"tags":[],"class_list":["post-130763","post","type-post","status-publish","format-standard","hentry","category-maroc","category-regions"],"_links":{"self":[{"href":"https:\/\/linitiative.ca\/International\/wp-json\/wp\/v2\/posts\/130763","targetHints":{"allow":["GET"]}}],"collection":[{"href":"https:\/\/linitiative.ca\/International\/wp-json\/wp\/v2\/posts"}],"about":[{"href":"https:\/\/linitiative.ca\/International\/wp-json\/wp\/v2\/types\/post"}],"author":[{"embeddable":true,"href":"https:\/\/linitiative.ca\/International\/wp-json\/wp\/v2\/users\/1788"}],"replies":[{"embeddable":true,"href":"https:\/\/linitiative.ca\/International\/wp-json\/wp\/v2\/comments?post=130763"}],"version-history":[{"count":0,"href":"https:\/\/linitiative.ca\/International\/wp-json\/wp\/v2\/posts\/130763\/revisions"}],"wp:attachment":[{"href":"https:\/\/linitiative.ca\/International\/wp-json\/wp\/v2\/media?parent=130763"}],"wp:term":[{"taxonomy":"category","embeddable":true,"href":"https:\/\/linitiative.ca\/International\/wp-json\/wp\/v2\/categories?post=130763"},{"taxonomy":"post_tag","embeddable":true,"href":"https:\/\/linitiative.ca\/International\/wp-json\/wp\/v2\/tags?post=130763"}],"curies":[{"name":"wp","href":"https:\/\/api.w.org\/{rel}","templated":true}]}}