{"id":130765,"date":"2021-10-23T12:14:47","date_gmt":"2021-10-23T16:14:47","guid":{"rendered":"https:\/\/linitiative.ca\/International\/plus-de-968-000-personnes-ont-recu-la-3eme-dose-du-vaccin\/"},"modified":"2021-10-23T12:14:47","modified_gmt":"2021-10-23T16:14:47","slug":"plus-de-968-000-personnes-ont-recu-la-3eme-dose-du-vaccin","status":"publish","type":"post","link":"https:\/\/linitiative.ca\/International\/plus-de-968-000-personnes-ont-recu-la-3eme-dose-du-vaccin\/","title":{"rendered":"Plus de 968.000 personnes ont re\u00e7u la 3\u00e8me dose du vaccin"},"content":{"rendered":"<div>\n<div style=\"margin-bottom:20px;\"><img loading=\"lazy\" decoding=\"async\" width=\"750\" height=\"430\" src=\"https:\/\/linitiative.ca\/International\/wp-content\/uploads\/sites\/23\/2021\/10\/cov-fr-12.jpg\" class=\"attachment-post-thumbnail size-post-thumbnail wp-post-image\" alt=\"\" srcset=\"https:\/\/linitiative.ca\/International\/wp-content\/uploads\/sites\/23\/2021\/10\/cov-fr-12.jpg 750w, http:\/\/www.mapmarrakech.ma\/map\/uploads\/2021\/10\/cov-fr-12-300x172.jpg 300w\" sizes=\"auto, (max-width: 750px) 100vw, 750px\"><\/div>\n<p>Le nombre de primo-vaccin\u00e9s a atteint 23.623.502, tandis que celui des personnes ayant re\u00e7u la 2\u00e8me dose s\u2019\u00e9l\u00e8ve d\u00e9sormais \u00e0 21.419.613, a pr\u00e9cis\u00e9 le minist\u00e8re dans son bulletin quotidien sur la situation \u00e9pid\u00e9miologique Covid-19.<\/p>\n<p>Par ailleurs, 424 infections au nouveau coronavirus et 400 gu\u00e9risons ont \u00e9t\u00e9 enregistr\u00e9es en 24 heures, portant \u00e0 944.076 le nombre total des cas positifs depuis mars 2020, alors que les r\u00e9tablissements sont de l\u2019ordre de 924.009, soit un taux de gu\u00e9rison de 97,9%.<\/p>\n<p>Les nouvelles contaminations ont \u00e9t\u00e9 recens\u00e9es dans les r\u00e9gions de Casablanca-Settat (170), Rabat-Sal\u00e9-K\u00e9nitra (163), Tanger-T\u00e9touan-Al Hoceima (26), l\u2019Oriental (19), F\u00e8s-Mekn\u00e8s (12), Marrakech- Safi (11), Beni Mellal-Kh\u00e9nifra (9), Dr\u00e2a-Tafilalet (5), La\u00e2youne-Sakia El Hamra (3), Souss-Massa (2), Dakhla-Oued Eddahab (2) et Guelmim-Oued Noun (2).<\/p>\n<p>Quant aux d\u00e9c\u00e8s, leur nombre total est pass\u00e9 \u00e0 14.606 (l\u00e9talit\u00e9 1,5%), avec 6 nouveaux cas r\u00e9partis sur les r\u00e9gions de Rabat-Sal\u00e9-K\u00e9nitra (2), Casablanca-Settat (2), l\u2019Oriental (1), et La\u00e2youne-Sakia-El Hamra (1).<\/p>\n<p>Les cas actifs sont au nombre de 5.461, tandis que les cas s\u00e9v\u00e8res ou graves pris en charge ont atteint 327, dont 16 plac\u00e9s sous intubation.<\/p>\n<p>The post <a rel=\"nofollow\" href=\"http:\/\/www.mapmarrakech.ma\/fr\/plus-de-968-000-personnes-ont-recu-la-3eme-dose-du-vaccin\/\">Plus de 968.000 personnes ont re\u00e7u la 3\u00e8me dose du vaccin<\/a> appeared first on <a rel=\"nofollow\" href=\"http:\/\/www.mapmarrakech.ma\/fr\">MapMarrakech<\/a>.<\/p>\n<\/div>\n<p>Auteur: Meriem IGASS<br \/>\n<a href=\"http:\/\/www.mapmarrakech.ma\/fr\/plus-de-968-000-personnes-ont-recu-la-3eme-dose-du-vaccin\/\">Cliquez ici pour lire l&rsquo;article depuis sa source.<\/a><\/p>\n","protected":false},"excerpt":{"rendered":"<p>Le nombre de primo-vaccin\u00e9s a atteint 23.623.502, tandis que celui des personnes ayant re\u00e7u la 2\u00e8me dose s\u2019\u00e9l\u00e8ve d\u00e9sormais \u00e0 21.419.613, a pr\u00e9cis\u00e9 le minist\u00e8re dans son bulletin quotidien sur la situation \u00e9pid\u00e9miologique Covid-19. Par ailleurs, 424 infections au nouveau coronavirus et 400 gu\u00e9risons ont \u00e9t\u00e9 enregistr\u00e9es en 24 heures, portant \u00e0 944.076 le nombre [&hellip;]<\/p>\n","protected":false},"author":1788,"featured_media":0,"comment_status":"closed","ping_status":"closed","sticky":false,"template":"","format":"standard","meta":{"fifu_image_url":"http:\/\/www.mapmarrakech.ma\/map\/uploads\/2021\/10\/cov-fr-12.jpg","fifu_image_alt":"Plus de 968.000 personnes ont re\u00e7u la 3\u00e8me dose du vaccin","footnotes":""},"categories":[54,76],"tags":[],"class_list":["post-130765","post","type-post","status-publish","format-standard","hentry","category-maroc","category-regions"],"_links":{"self":[{"href":"https:\/\/linitiative.ca\/International\/wp-json\/wp\/v2\/posts\/130765","targetHints":{"allow":["GET"]}}],"collection":[{"href":"https:\/\/linitiative.ca\/International\/wp-json\/wp\/v2\/posts"}],"about":[{"href":"https:\/\/linitiative.ca\/International\/wp-json\/wp\/v2\/types\/post"}],"author":[{"embeddable":true,"href":"https:\/\/linitiative.ca\/International\/wp-json\/wp\/v2\/users\/1788"}],"replies":[{"embeddable":true,"href":"https:\/\/linitiative.ca\/International\/wp-json\/wp\/v2\/comments?post=130765"}],"version-history":[{"count":0,"href":"https:\/\/linitiative.ca\/International\/wp-json\/wp\/v2\/posts\/130765\/revisions"}],"wp:attachment":[{"href":"https:\/\/linitiative.ca\/International\/wp-json\/wp\/v2\/media?parent=130765"}],"wp:term":[{"taxonomy":"category","embeddable":true,"href":"https:\/\/linitiative.ca\/International\/wp-json\/wp\/v2\/categories?post=130765"},{"taxonomy":"post_tag","embeddable":true,"href":"https:\/\/linitiative.ca\/International\/wp-json\/wp\/v2\/tags?post=130765"}],"curies":[{"name":"wp","href":"https:\/\/api.w.org\/{rel}","templated":true}]}}