{"id":130770,"date":"2021-10-23T12:03:49","date_gmt":"2021-10-23T16:03:49","guid":{"rendered":"https:\/\/linitiative.ca\/International\/la-cndp-suit-le-deploiement-du-pass-vaccinal\/"},"modified":"2021-10-23T12:03:49","modified_gmt":"2021-10-23T16:03:49","slug":"la-cndp-suit-le-deploiement-du-pass-vaccinal","status":"publish","type":"post","link":"https:\/\/linitiative.ca\/International\/la-cndp-suit-le-deploiement-du-pass-vaccinal\/","title":{"rendered":"La CNDP suit le d\u00e9ploiement du pass vaccinal"},"content":{"rendered":"<div>\n<div class=\"field field-name-body field-type-text-with-summary field-label-hidden\">\n<div class=\"field-items\">\n<div class=\"field-item even\" property=\"content:encoded\">\n<p class=\"rtejustify\">La Commission Nationale de contr\u00f4le de la protection des Donn\u00e9es \u00e0 caract\u00e8re Personnel (CNDP) suit \u00ab avec attention \u00bb le processus de d\u00e9ploiement du pass vaccinal et le d\u00e9bat induit au sein de l\u2019opinion publique.<\/p>\n<\/div>\n<\/div>\n<\/div>\n<\/div>\n<p>Auteur: mbasraoui<br \/>\n<a href=\"https:\/\/www.leconomiste.com\/flash-infos\/la-cndp-suit-le-deploiement-du-pass-vaccinal\">Cliquez ici pour lire l&rsquo;article depuis sa source.<\/a><\/p>\n","protected":false},"excerpt":{"rendered":"<p>La Commission Nationale de contr\u00f4le de la protection des Donn\u00e9es \u00e0 caract\u00e8re Personnel (CNDP) suit \u00ab avec attention \u00bb le processus de d\u00e9ploiement du pass vaccinal et le d\u00e9bat induit au sein de l\u2019opinion publique. Auteur: mbasraoui Cliquez ici pour lire l&rsquo;article depuis sa source.<\/p>\n","protected":false},"author":1763,"featured_media":0,"comment_status":"closed","ping_status":"closed","sticky":false,"template":"","format":"standard","meta":{"fifu_image_url":"","fifu_image_alt":"","footnotes":""},"categories":[78,54],"tags":[],"class_list":["post-130770","post","type-post","status-publish","format-standard","hentry","category-economie","category-maroc"],"_links":{"self":[{"href":"https:\/\/linitiative.ca\/International\/wp-json\/wp\/v2\/posts\/130770","targetHints":{"allow":["GET"]}}],"collection":[{"href":"https:\/\/linitiative.ca\/International\/wp-json\/wp\/v2\/posts"}],"about":[{"href":"https:\/\/linitiative.ca\/International\/wp-json\/wp\/v2\/types\/post"}],"author":[{"embeddable":true,"href":"https:\/\/linitiative.ca\/International\/wp-json\/wp\/v2\/users\/1763"}],"replies":[{"embeddable":true,"href":"https:\/\/linitiative.ca\/International\/wp-json\/wp\/v2\/comments?post=130770"}],"version-history":[{"count":0,"href":"https:\/\/linitiative.ca\/International\/wp-json\/wp\/v2\/posts\/130770\/revisions"}],"wp:attachment":[{"href":"https:\/\/linitiative.ca\/International\/wp-json\/wp\/v2\/media?parent=130770"}],"wp:term":[{"taxonomy":"category","embeddable":true,"href":"https:\/\/linitiative.ca\/International\/wp-json\/wp\/v2\/categories?post=130770"},{"taxonomy":"post_tag","embeddable":true,"href":"https:\/\/linitiative.ca\/International\/wp-json\/wp\/v2\/tags?post=130770"}],"curies":[{"name":"wp","href":"https:\/\/api.w.org\/{rel}","templated":true}]}}