{"id":130776,"date":"2021-10-23T06:20:14","date_gmt":"2021-10-23T10:20:14","guid":{"rendered":"https:\/\/linitiative.ca\/International\/les-boulangers-de-constantine-mettent-fin-a-leur-greve\/"},"modified":"2021-10-23T06:20:14","modified_gmt":"2021-10-23T10:20:14","slug":"les-boulangers-de-constantine-mettent-fin-a-leur-greve","status":"publish","type":"post","link":"https:\/\/linitiative.ca\/International\/les-boulangers-de-constantine-mettent-fin-a-leur-greve\/","title":{"rendered":"Les boulangers de Constantine mettent fin \u00e0 leur gr\u00e8ve"},"content":{"rendered":"<div>\n<div class=\"sriret\"><img loading=\"lazy\" decoding=\"async\" width=\"1575\" height=\"787\" src=\"https:\/\/linitiative.ca\/International\/wp-content\/uploads\/sites\/23\/2021\/10\/Boulangeries-Oran.jpg\" class=\"attachment-featured_large size-featured_large wp-post-image\" alt=\"\" style=\"margin-bottom: 15px;\" srcset=\"https:\/\/linitiative.ca\/International\/wp-content\/uploads\/sites\/23\/2021\/10\/Boulangeries-Oran.jpg 1575w, https:\/\/www.elwatan.com\/wp-content\/uploads\/2020\/08\/Boulangeries-Oran-300x150.jpg 300w, https:\/\/www.elwatan.com\/wp-content\/uploads\/2020\/08\/Boulangeries-Oran-768x384.jpg 768w, https:\/\/www.elwatan.com\/wp-content\/uploads\/2020\/08\/Boulangeries-Oran-1024x512.jpg 1024w, https:\/\/www.elwatan.com\/wp-content\/uploads\/2020\/08\/Boulangeries-Oran-1320x660.jpg 1320w\" sizes=\"auto, (max-width: 1575px) 100vw, 1575px\"><\/div>\n<p>C\u2019\u00e9tait le soulagement, hier, pour les habitants de la wilaya de Constantine, en constatant une reprise des activit\u00e9s des boulangers, apr\u00e8s deux jours de gr\u00e8ve (mercredi et jeudi). Un d\u00e9brayage qui a pris de court tout le monde, y compris les autorit\u00e9s de la wilaya. Ce acte a provoqu\u00e9 un mouvement de panique chez les citoyens qui, en apprenant que ce d\u00e9brayage \u00e9tait ouvert, se sont ru\u00e9s vers les magasins pour s\u2019approvisionner en semoule.<\/p>\n<p>On se dirigeait tout droit vers une autre crise qui risque d\u2019avoir des cons\u00e9quences graves. Selon un membre du bureau de Constantine de la f\u00e9d\u00e9ration des boulangers, la d\u00e9cision de reprendre a \u00e9t\u00e9 prise jeudi en fin d\u2019apr\u00e8s-midi, suite \u00e0 des pourparlers engag\u00e9s avec le secr\u00e9taire g\u00e9n\u00e9ral du minist\u00e8re du Commerce.<\/p>\n<p><strong>Retrouvez l\u2019int\u00e9gralit\u00e9 de nos articles sur la version papier<\/strong><\/p>\n<p>L\u2019article <a rel=\"nofollow\" href=\"https:\/\/www.elwatan.com\/edition\/actualite\/les-boulangers-de-constantine-mettent-fin-a-leur-greve-23-10-2021\">Les boulangers de Constantine mettent fin \u00e0 leur gr\u00e8ve<\/a> est apparu en premier sur <a rel=\"nofollow\" href=\"https:\/\/www.elwatan.com\/\">El Watan<\/a>.<\/p>\n<\/div>\n<p>Auteur: Hicham Chouadria<br \/>\n<a href=\"https:\/\/www.elwatan.com\/edition\/actualite\/les-boulangers-de-constantine-mettent-fin-a-leur-greve-23-10-2021\">Cliquez ici pour lire l&rsquo;article depuis sa source.<\/a><\/p>\n","protected":false},"excerpt":{"rendered":"<p>C\u2019\u00e9tait le soulagement, hier, pour les habitants de la wilaya de Constantine, en constatant une reprise des activit\u00e9s des boulangers, apr\u00e8s deux jours de gr\u00e8ve (mercredi et jeudi). Un d\u00e9brayage qui a pris de court tout le monde, y compris les autorit\u00e9s de la wilaya. Ce acte a provoqu\u00e9 un mouvement de panique chez les [&hellip;]<\/p>\n","protected":false},"author":1743,"featured_media":0,"comment_status":"closed","ping_status":"closed","sticky":false,"template":"","format":"standard","meta":{"fifu_image_url":"https:\/\/www.elwatan.com\/wp-content\/uploads\/2020\/08\/Boulangeries-Oran.jpg","fifu_image_alt":"Les boulangers de Constantine mettent fin \u00e0 leur gr\u00e8ve","footnotes":""},"categories":[73,53],"tags":[],"class_list":["post-130776","post","type-post","status-publish","format-standard","hentry","category-actualite","category-algerie"],"_links":{"self":[{"href":"https:\/\/linitiative.ca\/International\/wp-json\/wp\/v2\/posts\/130776","targetHints":{"allow":["GET"]}}],"collection":[{"href":"https:\/\/linitiative.ca\/International\/wp-json\/wp\/v2\/posts"}],"about":[{"href":"https:\/\/linitiative.ca\/International\/wp-json\/wp\/v2\/types\/post"}],"author":[{"embeddable":true,"href":"https:\/\/linitiative.ca\/International\/wp-json\/wp\/v2\/users\/1743"}],"replies":[{"embeddable":true,"href":"https:\/\/linitiative.ca\/International\/wp-json\/wp\/v2\/comments?post=130776"}],"version-history":[{"count":0,"href":"https:\/\/linitiative.ca\/International\/wp-json\/wp\/v2\/posts\/130776\/revisions"}],"wp:attachment":[{"href":"https:\/\/linitiative.ca\/International\/wp-json\/wp\/v2\/media?parent=130776"}],"wp:term":[{"taxonomy":"category","embeddable":true,"href":"https:\/\/linitiative.ca\/International\/wp-json\/wp\/v2\/categories?post=130776"},{"taxonomy":"post_tag","embeddable":true,"href":"https:\/\/linitiative.ca\/International\/wp-json\/wp\/v2\/tags?post=130776"}],"curies":[{"name":"wp","href":"https:\/\/api.w.org\/{rel}","templated":true}]}}