{"id":130780,"date":"2021-10-23T06:30:42","date_gmt":"2021-10-23T10:30:42","guid":{"rendered":"https:\/\/linitiative.ca\/International\/instructions-relatives-a-la-generalisation-de-lutilisation-de-la-langue-arabe-une-replique-de-la-crise-entre-lalgerie-et-la-france\/"},"modified":"2021-10-23T06:30:42","modified_gmt":"2021-10-23T10:30:42","slug":"instructions-relatives-a-la-generalisation-de-lutilisation-de-la-langue-arabe-une-replique-de-la-crise-entre-lalgerie-et-la-france","status":"publish","type":"post","link":"https:\/\/linitiative.ca\/International\/instructions-relatives-a-la-generalisation-de-lutilisation-de-la-langue-arabe-une-replique-de-la-crise-entre-lalgerie-et-la-france\/","title":{"rendered":"Instructions relatives \u00e0 la g\u00e9n\u00e9ralisation de l\u2019utilisation de la langue arabe : Une r\u00e9plique de la crise entre l\u2019Alg\u00e9rie et la France ?"},"content":{"rendered":"<div>\n<div class=\"sriret\"><img decoding=\"async\" src=\"https:\/\/linitiative.ca\/International\/wp-content\/uploads\/sites\/23\/2021\/10\/default-picture-709x366_c-51.jpg\"><\/div>\n<p class=\"p1\"><span class=\"s1\"><b>D<\/b><\/span><span class=\"s1\">eux minist\u00e8res ont donn\u00e9 des instructions allant dans le sens de la <i>\u00abg\u00e9n\u00e9ralisation de l\u2019utilisation\u00bb<\/i> de la langue arabe. Celui de la Jeunesse et des Sports a ordonn\u00e9, \u00e0 cet effet, dans une note dat\u00e9e du 21 octobre et dont plusieurs sites d\u2019informations s\u2019en sont fait l\u2019\u00e9cho, adress\u00e9 aux diff\u00e9rentes directions et entreprises sous tutelle, la g\u00e9n\u00e9ralisation de l\u2019utilisation de la langue nationale pour ce qui est des correspondances internes. <\/span><\/p>\n<p class=\"p1\"><span class=\"s1\">Le d\u00e9partement de la Formation professionnelle, quant \u00e0 lui, et en plus des correspondances internes, a instruit les diff\u00e9rents responsables pour l\u2019utilisation de la langue nationale dans la formation, en rappelant que l\u2019article 3 de la Constitution stipule que \u00abl\u2019arabe est la langue nationale et officielle\u00bb et qu\u2019elle \u00abdemeure la langue officielle de l\u2019Etat\u00bb. Sachant que les correspondances officielles, mais aussi les cours de la majorit\u00e9 des formations prodigu\u00e9es dans les centres de formations sous tutelle du minist\u00e8re de la Formation professionnelle, se font d\u00e9j\u00e0 et depuis plusieurs ann\u00e9es en langue arabe, il est fort probable que ces \u00abmesures\u00bb soient li\u00e9es \u00e0 la crise qui secoue depuis quelques semaines les relations entre l\u2019Alg\u00e9rie et la France.<\/span><\/p>\n<p><strong>Retrouvez l\u2019inte\u0301gralite\u0301 de nos articles sur la version papier<\/strong><\/p>\n<p>L\u2019article <a rel=\"nofollow\" href=\"https:\/\/www.elwatan.com\/edition\/actualite\/instructions-relatives-a-la-generalisation-de-lutilisation-de-la-langue-arabe-une-replique-de-la-crise-entre-lalgerie-et-la-france-23-10-2021\">Instructions relatives \u00e0 la g\u00e9n\u00e9ralisation de l\u2019utilisation de la langue arabe : Une r\u00e9plique de la crise entre l\u2019Alg\u00e9rie et la France ?<\/a> est apparu en premier sur <a rel=\"nofollow\" href=\"https:\/\/www.elwatan.com\/\">El Watan<\/a>.<\/p>\n<\/div>\n<p>Auteur: Hicham Chouadria<br \/>\n<a href=\"https:\/\/www.elwatan.com\/edition\/actualite\/instructions-relatives-a-la-generalisation-de-lutilisation-de-la-langue-arabe-une-replique-de-la-crise-entre-lalgerie-et-la-france-23-10-2021\">Cliquez ici pour lire l&rsquo;article depuis sa source.<\/a><\/p>\n","protected":false},"excerpt":{"rendered":"<p>Deux minist\u00e8res ont donn\u00e9 des instructions allant dans le sens de la \u00abg\u00e9n\u00e9ralisation de l\u2019utilisation\u00bb de la langue arabe. Celui de la Jeunesse et des Sports a ordonn\u00e9, \u00e0 cet effet, dans une note dat\u00e9e du 21 octobre et dont plusieurs sites d\u2019informations s\u2019en sont fait l\u2019\u00e9cho, adress\u00e9 aux diff\u00e9rentes directions et entreprises sous tutelle, [&hellip;]<\/p>\n","protected":false},"author":1743,"featured_media":0,"comment_status":"closed","ping_status":"closed","sticky":false,"template":"","format":"standard","meta":{"fifu_image_url":"https:\/\/www.elwatan.com\/wp-content\/themes\/spectr\/img\/default-picture-709x366_c.jpg","fifu_image_alt":"Instructions relatives \u00e0 la g\u00e9n\u00e9ralisation de l\u2019utilisation de la langue arabe : Une r\u00e9plique de la crise entre l\u2019Alg\u00e9rie et la France ?","footnotes":""},"categories":[73,53],"tags":[],"class_list":["post-130780","post","type-post","status-publish","format-standard","hentry","category-actualite","category-algerie"],"_links":{"self":[{"href":"https:\/\/linitiative.ca\/International\/wp-json\/wp\/v2\/posts\/130780","targetHints":{"allow":["GET"]}}],"collection":[{"href":"https:\/\/linitiative.ca\/International\/wp-json\/wp\/v2\/posts"}],"about":[{"href":"https:\/\/linitiative.ca\/International\/wp-json\/wp\/v2\/types\/post"}],"author":[{"embeddable":true,"href":"https:\/\/linitiative.ca\/International\/wp-json\/wp\/v2\/users\/1743"}],"replies":[{"embeddable":true,"href":"https:\/\/linitiative.ca\/International\/wp-json\/wp\/v2\/comments?post=130780"}],"version-history":[{"count":0,"href":"https:\/\/linitiative.ca\/International\/wp-json\/wp\/v2\/posts\/130780\/revisions"}],"wp:attachment":[{"href":"https:\/\/linitiative.ca\/International\/wp-json\/wp\/v2\/media?parent=130780"}],"wp:term":[{"taxonomy":"category","embeddable":true,"href":"https:\/\/linitiative.ca\/International\/wp-json\/wp\/v2\/categories?post=130780"},{"taxonomy":"post_tag","embeddable":true,"href":"https:\/\/linitiative.ca\/International\/wp-json\/wp\/v2\/tags?post=130780"}],"curies":[{"name":"wp","href":"https:\/\/api.w.org\/{rel}","templated":true}]}}