{"id":130782,"date":"2021-10-23T06:35:40","date_gmt":"2021-10-23T10:35:40","guid":{"rendered":"https:\/\/linitiative.ca\/International\/conference-europeenne-des-presidents-de-parlement-la-delegation-algerienne-refuse-de-sasseoir-derriere-la-delegation-israelienne\/"},"modified":"2021-10-23T06:35:40","modified_gmt":"2021-10-23T10:35:40","slug":"conference-europeenne-des-presidents-de-parlement-la-delegation-algerienne-refuse-de-sasseoir-derriere-la-delegation-israelienne","status":"publish","type":"post","link":"https:\/\/linitiative.ca\/International\/conference-europeenne-des-presidents-de-parlement-la-delegation-algerienne-refuse-de-sasseoir-derriere-la-delegation-israelienne\/","title":{"rendered":"Conf\u00e9rence europ\u00e9enne des pr\u00e9sidents de Parlement : La d\u00e9l\u00e9gation alg\u00e9rienne refuse de s\u2019asseoir derri\u00e8re la d\u00e9l\u00e9gation isra\u00e9lienne"},"content":{"rendered":"<div>\n<div class=\"sriret\"><img decoding=\"async\" src=\"https:\/\/linitiative.ca\/International\/wp-content\/uploads\/sites\/23\/2021\/10\/default-picture-709x366_c-52.jpg\"><\/div>\n<p class=\"p3\"><span class=\"s3\">La d\u00e9l\u00e9gation du Conseil de la nation qui prend part \u00e0 la Conf\u00e9rence europ\u00e9enne des pr\u00e9sidentes et pr\u00e9sidents de Parlement, dans la capitale grecque, Ath\u00e8nes, a refus\u00e9 de s\u2019asseoir derri\u00e8re la d\u00e9l\u00e9gation isra\u00e9lienne et demand\u00e9 \u00e0 changer de place, ce qui s\u2019est produit par la suite.<\/span><\/p>\n<p class=\"p3\"><span class=\"s3\"> La d\u00e9l\u00e9gation parlementaire du Conseil de la nation prend part, durant deux jours (21 et 22 octobre courant), aux travaux de la Conf\u00e9rence des pr\u00e9sidentes et pr\u00e9sidents des Parlements, organis\u00e9e par l\u2019Assembl\u00e9e parlementaire du Conseil de l\u2019Europe (APCE). Un \u00e9v\u00e9nement qui conna\u00eet la participation de plus de 34 pr\u00e9sidents de Parlement et de 300 participants de 47 Etats membres au Conseil de l\u2019Europe, outre les membres observateurs et les Etats partenaires invit\u00e9s des deux rives de la M\u00e9diterran\u00e9e. La d\u00e9l\u00e9gation parlementaire alg\u00e9rienne est compos\u00e9e de Rachid Achour, pr\u00e9sident de la commission des affaires \u00e9conomiques et financi\u00e8res et chef de d\u00e9l\u00e9gation, et Malik Khediri, lesquels sont repr\u00e9sentants du Conseil de la nation aupr\u00e8s de l\u2019APCE. Le Parlement alg\u00e9rien participe r\u00e9guli\u00e8rement aux r\u00e9union de l\u2019APCE en tant qu\u2019invit\u00e9.<b><i><\/i><\/b><\/span><\/p>\n<\/p>\n<p>L\u2019article <a rel=\"nofollow\" href=\"https:\/\/www.elwatan.com\/edition\/actualite\/conference-europeenne-des-presidents-de-parlement-la-delegation-algerienne-refuse-de-sasseoir-derriere-la-delegation-israelienne-23-10-2021\">Conf\u00e9rence europ\u00e9enne des pr\u00e9sidents de Parlement : La d\u00e9l\u00e9gation alg\u00e9rienne refuse de s\u2019asseoir derri\u00e8re la d\u00e9l\u00e9gation isra\u00e9lienne<\/a> est apparu en premier sur <a rel=\"nofollow\" href=\"https:\/\/www.elwatan.com\/\">El Watan<\/a>.<\/p>\n<\/div>\n<p>Auteur: Hicham Chouadria<br \/>\n<a href=\"https:\/\/www.elwatan.com\/edition\/actualite\/conference-europeenne-des-presidents-de-parlement-la-delegation-algerienne-refuse-de-sasseoir-derriere-la-delegation-israelienne-23-10-2021\">Cliquez ici pour lire l&rsquo;article depuis sa source.<\/a><\/p>\n","protected":false},"excerpt":{"rendered":"<p>La d\u00e9l\u00e9gation du Conseil de la nation qui prend part \u00e0 la Conf\u00e9rence europ\u00e9enne des pr\u00e9sidentes et pr\u00e9sidents de Parlement, dans la capitale grecque, Ath\u00e8nes, a refus\u00e9 de s\u2019asseoir derri\u00e8re la d\u00e9l\u00e9gation isra\u00e9lienne et demand\u00e9 \u00e0 changer de place, ce qui s\u2019est produit par la suite. La d\u00e9l\u00e9gation parlementaire du Conseil de la nation prend [&hellip;]<\/p>\n","protected":false},"author":1743,"featured_media":0,"comment_status":"closed","ping_status":"closed","sticky":false,"template":"","format":"standard","meta":{"fifu_image_url":"https:\/\/www.elwatan.com\/wp-content\/themes\/spectr\/img\/default-picture-709x366_c.jpg","fifu_image_alt":"Conf\u00e9rence europ\u00e9enne des pr\u00e9sidents de Parlement : La d\u00e9l\u00e9gation alg\u00e9rienne refuse de s\u2019asseoir derri\u00e8re la d\u00e9l\u00e9gation isra\u00e9lienne","footnotes":""},"categories":[73,53],"tags":[],"class_list":["post-130782","post","type-post","status-publish","format-standard","hentry","category-actualite","category-algerie"],"_links":{"self":[{"href":"https:\/\/linitiative.ca\/International\/wp-json\/wp\/v2\/posts\/130782","targetHints":{"allow":["GET"]}}],"collection":[{"href":"https:\/\/linitiative.ca\/International\/wp-json\/wp\/v2\/posts"}],"about":[{"href":"https:\/\/linitiative.ca\/International\/wp-json\/wp\/v2\/types\/post"}],"author":[{"embeddable":true,"href":"https:\/\/linitiative.ca\/International\/wp-json\/wp\/v2\/users\/1743"}],"replies":[{"embeddable":true,"href":"https:\/\/linitiative.ca\/International\/wp-json\/wp\/v2\/comments?post=130782"}],"version-history":[{"count":0,"href":"https:\/\/linitiative.ca\/International\/wp-json\/wp\/v2\/posts\/130782\/revisions"}],"wp:attachment":[{"href":"https:\/\/linitiative.ca\/International\/wp-json\/wp\/v2\/media?parent=130782"}],"wp:term":[{"taxonomy":"category","embeddable":true,"href":"https:\/\/linitiative.ca\/International\/wp-json\/wp\/v2\/categories?post=130782"},{"taxonomy":"post_tag","embeddable":true,"href":"https:\/\/linitiative.ca\/International\/wp-json\/wp\/v2\/tags?post=130782"}],"curies":[{"name":"wp","href":"https:\/\/api.w.org\/{rel}","templated":true}]}}