{"id":130790,"date":"2021-10-23T10:41:00","date_gmt":"2021-10-23T14:41:00","guid":{"rendered":"https:\/\/linitiative.ca\/International\/tunisie-letat-dexception-face-aux-tentations-dingerence-internationale\/"},"modified":"2021-10-23T10:41:00","modified_gmt":"2021-10-23T14:41:00","slug":"tunisie-letat-dexception-face-aux-tentations-dingerence-internationale","status":"publish","type":"post","link":"https:\/\/linitiative.ca\/International\/tunisie-letat-dexception-face-aux-tentations-dingerence-internationale\/","title":{"rendered":"Tunisie : L\u2019\u00e9tat d\u2019exception face aux tentations d\u2019ing\u00e9rence internationale"},"content":{"rendered":"<div><img decoding=\"async\" src=\"https:\/\/linitiative.ca\/International\/wp-content\/uploads\/sites\/23\/2021\/10\/1634997284_article.jpg\" alt=\"Tunisie : L\u2019\u00e9tat d\u2019exception face aux tentations d\u2019ing\u00e9rence internationale\" align=\"left\">Par Mondher Rezgui. Chercheur en Sciences Politiques. Tunis, le 23 octobre 2021 &#8211; Lorsqu\u2019on aborde la question de la r\u00e9action internationale \u00e0 la d\u00e9claration de l\u2019\u00e9tat d\u2019exception constitutionnelle en Tunisie dans ses premiers jours on est amen\u00e9 \u00e0 consid\u00e9rer que cela rel\u00e8ve des relations ordinaires d\u2019amiti\u00e9 et de solidarit\u00e9 inter\u00e9tatiques. L\u2019assistance annonc\u00e9e, les conseils prodigu\u00e9s et l\u2019\u00e9talage du soutien actif dans toutes ses formes rest\u00e8rent alors loin de toute manifestation d\u2019interf\u00e9rence et dans les limites de la d\u00e9cence et du respect mutuel qu\u2019exigent l\u2019\u00e9thique des relations internationales et les normes du droit international.<br \/>\nCette r\u00e9action &#8230;<\/p>\n<\/div>\n<p>Auteur:<br \/>\n<a href=\"https:\/\/www.leaders.com.tn\/article\/32566-tunisie-l-etat-d-exception-face-aux-tentations-d-ingerence-internationale\">Cliquez ici pour lire l&rsquo;article depuis sa source.<\/a><\/p>\n","protected":false},"excerpt":{"rendered":"<p>Par Mondher Rezgui. Chercheur en Sciences Politiques. Tunis, le 23 octobre 2021 &#8211; Lorsqu\u2019on aborde la question de la r\u00e9action internationale \u00e0 la d\u00e9claration de l\u2019\u00e9tat d\u2019exception constitutionnelle en Tunisie dans ses premiers jours on est amen\u00e9 \u00e0 consid\u00e9rer que cela rel\u00e8ve des relations ordinaires d\u2019amiti\u00e9 et de solidarit\u00e9 inter\u00e9tatiques. L\u2019assistance annonc\u00e9e, les conseils prodigu\u00e9s [&hellip;]<\/p>\n","protected":false},"author":1772,"featured_media":0,"comment_status":"closed","ping_status":"closed","sticky":false,"template":"","format":"standard","meta":{"fifu_image_url":"http:\/\/www.leaders.com.tn\/uploads\/content\/thumbnails_small\/1634997284_article.jpg","fifu_image_alt":"Tunisie : L\u2019\u00e9tat d\u2019exception face aux tentations d\u2019ing\u00e9rence internationale","footnotes":""},"categories":[73,55],"tags":[],"class_list":["post-130790","post","type-post","status-publish","format-standard","hentry","category-actualite","category-tunisie"],"_links":{"self":[{"href":"https:\/\/linitiative.ca\/International\/wp-json\/wp\/v2\/posts\/130790","targetHints":{"allow":["GET"]}}],"collection":[{"href":"https:\/\/linitiative.ca\/International\/wp-json\/wp\/v2\/posts"}],"about":[{"href":"https:\/\/linitiative.ca\/International\/wp-json\/wp\/v2\/types\/post"}],"author":[{"embeddable":true,"href":"https:\/\/linitiative.ca\/International\/wp-json\/wp\/v2\/users\/1772"}],"replies":[{"embeddable":true,"href":"https:\/\/linitiative.ca\/International\/wp-json\/wp\/v2\/comments?post=130790"}],"version-history":[{"count":0,"href":"https:\/\/linitiative.ca\/International\/wp-json\/wp\/v2\/posts\/130790\/revisions"}],"wp:attachment":[{"href":"https:\/\/linitiative.ca\/International\/wp-json\/wp\/v2\/media?parent=130790"}],"wp:term":[{"taxonomy":"category","embeddable":true,"href":"https:\/\/linitiative.ca\/International\/wp-json\/wp\/v2\/categories?post=130790"},{"taxonomy":"post_tag","embeddable":true,"href":"https:\/\/linitiative.ca\/International\/wp-json\/wp\/v2\/tags?post=130790"}],"curies":[{"name":"wp","href":"https:\/\/api.w.org\/{rel}","templated":true}]}}