{"id":130802,"date":"2021-10-23T15:34:44","date_gmt":"2021-10-23T19:34:44","guid":{"rendered":"https:\/\/linitiative.ca\/International\/ministere-de-linterieur-nouvelle-nomination-a-la-tete-de-la-direction-generale-des-frontieres-et-des-etrangers\/"},"modified":"2021-10-23T15:34:44","modified_gmt":"2021-10-23T19:34:44","slug":"ministere-de-linterieur-nouvelle-nomination-a-la-tete-de-la-direction-generale-des-frontieres-et-des-etrangers","status":"publish","type":"post","link":"https:\/\/linitiative.ca\/International\/ministere-de-linterieur-nouvelle-nomination-a-la-tete-de-la-direction-generale-des-frontieres-et-des-etrangers\/","title":{"rendered":"Minist\u00e8re de l\u2019Int\u00e9rieur : Nouvelle nomination \u00e0 la t\u00eate de la Direction G\u00e9n\u00e9rale des Fronti\u00e8res et des Etrangers"},"content":{"rendered":"<div>\n<p>Une source s\u00e9curitaire a indiqu\u00e9 \u00e0 une radio priv\u00e9e que le ministre de l\u2019Int\u00e9rieur Taoufik Charfeddine a \u00e9mis ce samedi un t\u00e9l\u00e9gramme portant la r\u00e9vocation du Directeur G\u00e9n\u00e9ral des Fronti\u00e8res et des Etrangers, Lotfi Sghaier. De m\u00eame, il a \u00e9t\u00e9 d\u00e9cid\u00e9 de nommer Imed Zoghlami \u00e0 la t\u00eate de la Direction G\u00e9n\u00e9rale susvis\u00e9e.<\/p>\n<p>L\u2019article <a href=\"https:\/\/www.tunisienumerique.com\/ministere-de-linterieur-nouvelle-nomination-a-la-tete-de-la-direction-generale-des-frontieres-et-des-etrangers\/\">Minist\u00e8re de l\u2019Int\u00e9rieur : Nouvelle nomination \u00e0 la t\u00eate de la Direction G\u00e9n\u00e9rale des Fronti\u00e8res et des Etrangers<\/a> est apparu en premier sur <a href=\"https:\/\/www.tunisienumerique.com\/\">Tunisie<\/a>.<\/p>\n<\/div>\n<p>Auteur: rania ben slimane<br \/>\n<a href=\"https:\/\/www.tunisienumerique.com\/ministere-de-linterieur-nouvelle-nomination-a-la-tete-de-la-direction-generale-des-frontieres-et-des-etrangers\/\">Cliquez ici pour lire l&rsquo;article depuis sa source.<\/a><\/p>\n","protected":false},"excerpt":{"rendered":"<p>Une source s\u00e9curitaire a indiqu\u00e9 \u00e0 une radio priv\u00e9e que le ministre de l\u2019Int\u00e9rieur Taoufik Charfeddine a \u00e9mis ce samedi un t\u00e9l\u00e9gramme portant la r\u00e9vocation du Directeur G\u00e9n\u00e9ral des Fronti\u00e8res et des Etrangers, Lotfi Sghaier. De m\u00eame, il a \u00e9t\u00e9 d\u00e9cid\u00e9 de nommer Imed Zoghlami \u00e0 la t\u00eate de la Direction G\u00e9n\u00e9rale susvis\u00e9e. L\u2019article Minist\u00e8re [&hellip;]<\/p>\n","protected":false},"author":1789,"featured_media":0,"comment_status":"closed","ping_status":"closed","sticky":false,"template":"","format":"standard","meta":{"fifu_image_url":"","fifu_image_alt":"","footnotes":""},"categories":[73,55],"tags":[],"class_list":["post-130802","post","type-post","status-publish","format-standard","hentry","category-actualite","category-tunisie"],"_links":{"self":[{"href":"https:\/\/linitiative.ca\/International\/wp-json\/wp\/v2\/posts\/130802","targetHints":{"allow":["GET"]}}],"collection":[{"href":"https:\/\/linitiative.ca\/International\/wp-json\/wp\/v2\/posts"}],"about":[{"href":"https:\/\/linitiative.ca\/International\/wp-json\/wp\/v2\/types\/post"}],"author":[{"embeddable":true,"href":"https:\/\/linitiative.ca\/International\/wp-json\/wp\/v2\/users\/1789"}],"replies":[{"embeddable":true,"href":"https:\/\/linitiative.ca\/International\/wp-json\/wp\/v2\/comments?post=130802"}],"version-history":[{"count":0,"href":"https:\/\/linitiative.ca\/International\/wp-json\/wp\/v2\/posts\/130802\/revisions"}],"wp:attachment":[{"href":"https:\/\/linitiative.ca\/International\/wp-json\/wp\/v2\/media?parent=130802"}],"wp:term":[{"taxonomy":"category","embeddable":true,"href":"https:\/\/linitiative.ca\/International\/wp-json\/wp\/v2\/categories?post=130802"},{"taxonomy":"post_tag","embeddable":true,"href":"https:\/\/linitiative.ca\/International\/wp-json\/wp\/v2\/tags?post=130802"}],"curies":[{"name":"wp","href":"https:\/\/api.w.org\/{rel}","templated":true}]}}