{"id":130804,"date":"2021-10-23T15:42:22","date_gmt":"2021-10-23T19:42:22","guid":{"rendered":"https:\/\/linitiative.ca\/International\/ministere-de-linterieur-nouvelles-nominations-a-la-tete-de-la-direction-generale-de-la-formation-et-celle-des-interets-communs\/"},"modified":"2021-10-23T15:42:22","modified_gmt":"2021-10-23T19:42:22","slug":"ministere-de-linterieur-nouvelles-nominations-a-la-tete-de-la-direction-generale-de-la-formation-et-celle-des-interets-communs","status":"publish","type":"post","link":"https:\/\/linitiative.ca\/International\/ministere-de-linterieur-nouvelles-nominations-a-la-tete-de-la-direction-generale-de-la-formation-et-celle-des-interets-communs\/","title":{"rendered":"Minist\u00e8re de l\u2019Int\u00e9rieur : Nouvelles nominations \u00e0 la t\u00eate de la Direction G\u00e9n\u00e9rale de la Formation et celle des Int\u00e9r\u00eats communs"},"content":{"rendered":"<div>\n<p>Une source s\u00e9curitaire a indiqu\u00e9 \u00e0 une radio priv\u00e9e ce samedi 23 octobre 2021, la nomination de Mme. Najet Jaouadi \u00e0 la t\u00eate de la Direction G\u00e9n\u00e9rale de la Formation au minist\u00e8re de l\u2019Int\u00e9rieur, succ\u00e9dant \u00e0 Samir Tarhouni. Dans un t\u00e9l\u00e9gramme \u00e9mis aujourd\u2019hui par le ministre de l\u2019Int\u00e9rieur, Taoufik Charfeddine, il a \u00e9t\u00e9 d\u00e9cid\u00e9 de [\u2026]<\/p>\n<p>L\u2019article <a href=\"https:\/\/www.tunisienumerique.com\/ministere-de-linterieur-nouvelles-nominations-a-la-tete-de-la-direction-generale-de-la-formation-et-celle-des-interets-communs\/\">Minist\u00e8re de l\u2019Int\u00e9rieur : Nouvelles nominations \u00e0 la t\u00eate de la Direction G\u00e9n\u00e9rale de la Formation et celle des Int\u00e9r\u00eats communs<\/a> est apparu en premier sur <a href=\"https:\/\/www.tunisienumerique.com\/\">Tunisie<\/a>.<\/p>\n<\/div>\n<p>Auteur: rania ben slimane<br \/>\n<a href=\"https:\/\/www.tunisienumerique.com\/ministere-de-linterieur-nouvelles-nominations-a-la-tete-de-la-direction-generale-de-la-formation-et-celle-des-interets-communs\/\">Cliquez ici pour lire l&rsquo;article depuis sa source.<\/a><\/p>\n","protected":false},"excerpt":{"rendered":"<p>Une source s\u00e9curitaire a indiqu\u00e9 \u00e0 une radio priv\u00e9e ce samedi 23 octobre 2021, la nomination de Mme. Najet Jaouadi \u00e0 la t\u00eate de la Direction G\u00e9n\u00e9rale de la Formation au minist\u00e8re de l\u2019Int\u00e9rieur, succ\u00e9dant \u00e0 Samir Tarhouni. Dans un t\u00e9l\u00e9gramme \u00e9mis aujourd\u2019hui par le ministre de l\u2019Int\u00e9rieur, Taoufik Charfeddine, il a \u00e9t\u00e9 d\u00e9cid\u00e9 de [&hellip;]<\/p>\n","protected":false},"author":1789,"featured_media":0,"comment_status":"closed","ping_status":"closed","sticky":false,"template":"","format":"standard","meta":{"fifu_image_url":"","fifu_image_alt":"","footnotes":""},"categories":[73,55],"tags":[],"class_list":["post-130804","post","type-post","status-publish","format-standard","hentry","category-actualite","category-tunisie"],"_links":{"self":[{"href":"https:\/\/linitiative.ca\/International\/wp-json\/wp\/v2\/posts\/130804","targetHints":{"allow":["GET"]}}],"collection":[{"href":"https:\/\/linitiative.ca\/International\/wp-json\/wp\/v2\/posts"}],"about":[{"href":"https:\/\/linitiative.ca\/International\/wp-json\/wp\/v2\/types\/post"}],"author":[{"embeddable":true,"href":"https:\/\/linitiative.ca\/International\/wp-json\/wp\/v2\/users\/1789"}],"replies":[{"embeddable":true,"href":"https:\/\/linitiative.ca\/International\/wp-json\/wp\/v2\/comments?post=130804"}],"version-history":[{"count":0,"href":"https:\/\/linitiative.ca\/International\/wp-json\/wp\/v2\/posts\/130804\/revisions"}],"wp:attachment":[{"href":"https:\/\/linitiative.ca\/International\/wp-json\/wp\/v2\/media?parent=130804"}],"wp:term":[{"taxonomy":"category","embeddable":true,"href":"https:\/\/linitiative.ca\/International\/wp-json\/wp\/v2\/categories?post=130804"},{"taxonomy":"post_tag","embeddable":true,"href":"https:\/\/linitiative.ca\/International\/wp-json\/wp\/v2\/tags?post=130804"}],"curies":[{"name":"wp","href":"https:\/\/api.w.org\/{rel}","templated":true}]}}