{"id":130805,"date":"2021-10-23T16:57:46","date_gmt":"2021-10-23T20:57:46","guid":{"rendered":"https:\/\/linitiative.ca\/International\/milan-ac-zlatan-a-marque-contre-son-camp\/"},"modified":"2021-10-23T16:57:46","modified_gmt":"2021-10-23T20:57:46","slug":"milan-ac-zlatan-a-marque-contre-son-camp","status":"publish","type":"post","link":"https:\/\/linitiative.ca\/International\/milan-ac-zlatan-a-marque-contre-son-camp\/","title":{"rendered":"Milan Ac : Zlatan a marqu\u00e9 contre son camp"},"content":{"rendered":"<div>\n<p>\u00c0 40 ans, et apr\u00e8s 957 matchs officiels, le su\u00e9dois Zlatan Ibrahimovic vient d\u2019inscrire ce soir le tout premier but CSC de sa carri\u00e8re. Les supporters de l\u2019AC Milan ont v\u00e9cu une soir\u00e9e p\u00e9nible malgr\u00e9 la victoire \u00e0 l\u2019ext\u00e9rieur 4-2 \u00e0 Bologne, dont un but sign\u00e9 par Zlatan.<\/p>\n<p>L\u2019article <a href=\"https:\/\/www.tunisienumerique.com\/milan-ac-zlatan-a-marque-contre-son-camp\/\">Milan Ac : Zlatan a marqu\u00e9 contre son camp<\/a> est apparu en premier sur <a href=\"https:\/\/www.tunisienumerique.com\/\">Tunisie<\/a>.<\/p>\n<\/div>\n<p>Auteur: Hamza Ben Khlifa<br \/>\n<a href=\"https:\/\/www.tunisienumerique.com\/milan-ac-zlatan-a-marque-contre-son-camp\/\">Cliquez ici pour lire l&rsquo;article depuis sa source.<\/a><\/p>\n","protected":false},"excerpt":{"rendered":"<p>\u00c0 40 ans, et apr\u00e8s 957 matchs officiels, le su\u00e9dois Zlatan Ibrahimovic vient d\u2019inscrire ce soir le tout premier but CSC de sa carri\u00e8re. Les supporters de l\u2019AC Milan ont v\u00e9cu une soir\u00e9e p\u00e9nible malgr\u00e9 la victoire \u00e0 l\u2019ext\u00e9rieur 4-2 \u00e0 Bologne, dont un but sign\u00e9 par Zlatan. L\u2019article Milan Ac : Zlatan a marqu\u00e9 [&hellip;]<\/p>\n","protected":false},"author":1789,"featured_media":0,"comment_status":"closed","ping_status":"closed","sticky":false,"template":"","format":"standard","meta":{"fifu_image_url":"","fifu_image_alt":"","footnotes":""},"categories":[73,55],"tags":[],"class_list":["post-130805","post","type-post","status-publish","format-standard","hentry","category-actualite","category-tunisie"],"_links":{"self":[{"href":"https:\/\/linitiative.ca\/International\/wp-json\/wp\/v2\/posts\/130805","targetHints":{"allow":["GET"]}}],"collection":[{"href":"https:\/\/linitiative.ca\/International\/wp-json\/wp\/v2\/posts"}],"about":[{"href":"https:\/\/linitiative.ca\/International\/wp-json\/wp\/v2\/types\/post"}],"author":[{"embeddable":true,"href":"https:\/\/linitiative.ca\/International\/wp-json\/wp\/v2\/users\/1789"}],"replies":[{"embeddable":true,"href":"https:\/\/linitiative.ca\/International\/wp-json\/wp\/v2\/comments?post=130805"}],"version-history":[{"count":0,"href":"https:\/\/linitiative.ca\/International\/wp-json\/wp\/v2\/posts\/130805\/revisions"}],"wp:attachment":[{"href":"https:\/\/linitiative.ca\/International\/wp-json\/wp\/v2\/media?parent=130805"}],"wp:term":[{"taxonomy":"category","embeddable":true,"href":"https:\/\/linitiative.ca\/International\/wp-json\/wp\/v2\/categories?post=130805"},{"taxonomy":"post_tag","embeddable":true,"href":"https:\/\/linitiative.ca\/International\/wp-json\/wp\/v2\/tags?post=130805"}],"curies":[{"name":"wp","href":"https:\/\/api.w.org\/{rel}","templated":true}]}}