{"id":130807,"date":"2021-10-23T10:51:28","date_gmt":"2021-10-23T14:51:28","guid":{"rendered":"https:\/\/linitiative.ca\/International\/cascades-le-guide-spirituel-djafar-hema-sera-inhume-dimanche-a-nagolofasso\/"},"modified":"2021-10-23T10:51:28","modified_gmt":"2021-10-23T14:51:28","slug":"cascades-le-guide-spirituel-djafar-hema-sera-inhume-dimanche-a-nagolofasso","status":"publish","type":"post","link":"https:\/\/linitiative.ca\/International\/cascades-le-guide-spirituel-djafar-hema-sera-inhume-dimanche-a-nagolofasso\/","title":{"rendered":"Cascades\u00a0: Le guide spirituel Djafar H\u00e9ma sera inhum\u00e9 dimanche \u00e0 Nagolofasso"},"content":{"rendered":"<div>\n<p>Le guide spirituel et embl\u00e9matique Djafar H\u00e9ma sera inhum\u00e9 demain dimanche 24 octobre 2021 dans son village natal \u00e0 Nagolofasso dans la province de la L\u00e9raba r\u00e9gion des Cascades. A l\u2019occasion, depuis le 21 octobre 2022, plusieurs adeptes du guide spirituel ne font que converger vers son village natal o\u00f9 il sera enterr\u00e9. Depuis ce samedi matin, ils sont encore plusieurs centaines surtout de blanc v\u00eatu, \u00e0 moto et en voiture, \u00e0 traverser sans cesse Banfora \u00e0 destination de Nagolofasso. On peut d\u2019ores et d\u00e9j\u00e0 imaginer comment sera la mobilisation le jour-j. En tout cas, tout porte \u00e0 croire que \u00e7a pourrait \u00eatre l\u2019inhumation du si\u00e8cle, quand on se souvient de l\u2019accueil r\u00e9serv\u00e9 \u00e0 la d\u00e9pouille hier vendredi.<\/p>\n<p>M.Y<\/p>\n<p>L\u2019article <a rel=\"nofollow\" href=\"https:\/\/www.sidwaya.info\/blog\/2021\/10\/23\/cascades-le-guide-spirituel-djafar-hema-sera-inhume-dimanche-a-nagolofasso\/\">Cascades\u00a0: Le guide spirituel Djafar H\u00e9ma sera inhum\u00e9 dimanche \u00e0 Nagolofasso<\/a> est apparu en premier sur <a rel=\"nofollow\" href=\"https:\/\/www.sidwaya.info\/\">Quotidien Sidwaya<\/a>.<\/p>\n<\/div>\n<p>Auteur: BS. Sidwaya<br \/>\n<a href=\"https:\/\/www.sidwaya.info\/blog\/2021\/10\/23\/cascades-le-guide-spirituel-djafar-hema-sera-inhume-dimanche-a-nagolofasso\/\">Cliquez ici pour lire l&rsquo;article depuis sa source.<\/a><\/p>\n","protected":false},"excerpt":{"rendered":"<p>Le guide spirituel et embl\u00e9matique Djafar H\u00e9ma sera inhum\u00e9 demain dimanche 24 octobre 2021 dans son village natal \u00e0 Nagolofasso dans la province de la L\u00e9raba r\u00e9gion des Cascades. A l\u2019occasion, depuis le 21 octobre 2022, plusieurs adeptes du guide spirituel ne font que converger vers son village natal o\u00f9 il sera enterr\u00e9. Depuis ce [&hellip;]<\/p>\n","protected":false},"author":1816,"featured_media":0,"comment_status":"closed","ping_status":"closed","sticky":false,"template":"","format":"standard","meta":{"fifu_image_url":"","fifu_image_alt":"","footnotes":""},"categories":[73,81],"tags":[],"class_list":["post-130807","post","type-post","status-publish","format-standard","hentry","category-actualite","category-burkina-faso"],"_links":{"self":[{"href":"https:\/\/linitiative.ca\/International\/wp-json\/wp\/v2\/posts\/130807","targetHints":{"allow":["GET"]}}],"collection":[{"href":"https:\/\/linitiative.ca\/International\/wp-json\/wp\/v2\/posts"}],"about":[{"href":"https:\/\/linitiative.ca\/International\/wp-json\/wp\/v2\/types\/post"}],"author":[{"embeddable":true,"href":"https:\/\/linitiative.ca\/International\/wp-json\/wp\/v2\/users\/1816"}],"replies":[{"embeddable":true,"href":"https:\/\/linitiative.ca\/International\/wp-json\/wp\/v2\/comments?post=130807"}],"version-history":[{"count":0,"href":"https:\/\/linitiative.ca\/International\/wp-json\/wp\/v2\/posts\/130807\/revisions"}],"wp:attachment":[{"href":"https:\/\/linitiative.ca\/International\/wp-json\/wp\/v2\/media?parent=130807"}],"wp:term":[{"taxonomy":"category","embeddable":true,"href":"https:\/\/linitiative.ca\/International\/wp-json\/wp\/v2\/categories?post=130807"},{"taxonomy":"post_tag","embeddable":true,"href":"https:\/\/linitiative.ca\/International\/wp-json\/wp\/v2\/tags?post=130807"}],"curies":[{"name":"wp","href":"https:\/\/api.w.org\/{rel}","templated":true}]}}