{"id":130812,"date":"2021-10-23T05:18:01","date_gmt":"2021-10-23T09:18:01","guid":{"rendered":"https:\/\/linitiative.ca\/International\/un-pick-up-de-la-gendarmerie-ivoirienne-endommage-par-un-engin-explosif-improvise\/"},"modified":"2021-10-23T05:18:01","modified_gmt":"2021-10-23T09:18:01","slug":"un-pick-up-de-la-gendarmerie-ivoirienne-endommage-par-un-engin-explosif-improvise","status":"publish","type":"post","link":"https:\/\/linitiative.ca\/International\/un-pick-up-de-la-gendarmerie-ivoirienne-endommage-par-un-engin-explosif-improvise\/","title":{"rendered":"Un pick-up de la gendarmerie ivoirienne endommag\u00e9 par un engin explosif improvis\u00e9"},"content":{"rendered":"<div>\n<p>Un pick-up de la gendarmerie ivoirienne a \u00e9t\u00e9 endommag\u00e9, vendredi, par un engin explosif improvis\u00e9 (EEI) dans le Nord-Est de la C\u00f4te d\u2019Ivoire.<\/p>\n<p>Selon des sources s\u00e9curitaires, 36 \u00e9l\u00e9ments de la gendarmerie \u00e0 bord de deux pick-up et cinq motos sont \u00abtomb\u00e9s dans une embuscade\u00bb, vendredi, \u00a0sur l\u2019axe G\u00f4g\u00f4-Govitan dans le d\u00e9partement de T\u00e9hini.<\/p>\n<p>\u00abL\u2019un des pick-up est mont\u00e9 sur un engin explosif improvis\u00e9 (EEI)\u00bb, rapportent ces m\u00eames sources s\u00e9curitaires, ajoutant que ce \u00abpick-up a \u00e9t\u00e9 endommag\u00e9\u00bb ne faisant \u00abaucune perte en vie humaine\u00bb.<\/p>\n<p>Un individu non identit\u00e9 a \u00e9t\u00e9 tu\u00e9 et un gendarme bless\u00e9 le mardi dernier dans une attaque \u00e0 Gogobel, une localit\u00e9 situ\u00e9e sur l\u2019axe T\u00e9hini-Doropo, dans le Nord-Est ivoirien.<\/p>\n<p>La C\u00f4te d\u2019Ivoire fait face \u00e0 une menace terroriste depuis ces derni\u00e8res ann\u00e9es dans sa partie nord, frontali\u00e8re avec le Burkina et le Mali.<\/p>\n<p>Cet article <a rel=\"nofollow\" href=\"https:\/\/www.journalducameroun.com\/un-pick-up-de-la-gendarmerie-ivoirienne-endommage-par-un-engin-explosif-improvise\/\">Un pick-up de la gendarmerie ivoirienne endommag\u00e9 par un engin explosif improvis\u00e9<\/a> est apparu en premier sur <a rel=\"nofollow\" href=\"https:\/\/www.journalducameroun.com\/\">Journal du Cameroun<\/a>.<\/p>\n<\/div>\n<p>Auteur: APA News<br \/>\n<a href=\"https:\/\/www.journalducameroun.com\/un-pick-up-de-la-gendarmerie-ivoirienne-endommage-par-un-engin-explosif-improvise\/\">Cliquez ici pour lire l&rsquo;article depuis sa source.<\/a><\/p>\n","protected":false},"excerpt":{"rendered":"<p>Un pick-up de la gendarmerie ivoirienne a \u00e9t\u00e9 endommag\u00e9, vendredi, par un engin explosif improvis\u00e9 (EEI) dans le Nord-Est de la C\u00f4te d\u2019Ivoire. Selon des sources s\u00e9curitaires, 36 \u00e9l\u00e9ments de la gendarmerie \u00e0 bord de deux pick-up et cinq motos sont \u00abtomb\u00e9s dans une embuscade\u00bb, vendredi, \u00a0sur l\u2019axe G\u00f4g\u00f4-Govitan dans le d\u00e9partement de T\u00e9hini. \u00abL\u2019un [&hellip;]<\/p>\n","protected":false},"author":1965,"featured_media":0,"comment_status":"closed","ping_status":"closed","sticky":false,"template":"","format":"standard","meta":{"fifu_image_url":"","fifu_image_alt":"","footnotes":""},"categories":[73,82],"tags":[],"class_list":["post-130812","post","type-post","status-publish","format-standard","hentry","category-actualite","category-cameroun"],"_links":{"self":[{"href":"https:\/\/linitiative.ca\/International\/wp-json\/wp\/v2\/posts\/130812","targetHints":{"allow":["GET"]}}],"collection":[{"href":"https:\/\/linitiative.ca\/International\/wp-json\/wp\/v2\/posts"}],"about":[{"href":"https:\/\/linitiative.ca\/International\/wp-json\/wp\/v2\/types\/post"}],"author":[{"embeddable":true,"href":"https:\/\/linitiative.ca\/International\/wp-json\/wp\/v2\/users\/1965"}],"replies":[{"embeddable":true,"href":"https:\/\/linitiative.ca\/International\/wp-json\/wp\/v2\/comments?post=130812"}],"version-history":[{"count":0,"href":"https:\/\/linitiative.ca\/International\/wp-json\/wp\/v2\/posts\/130812\/revisions"}],"wp:attachment":[{"href":"https:\/\/linitiative.ca\/International\/wp-json\/wp\/v2\/media?parent=130812"}],"wp:term":[{"taxonomy":"category","embeddable":true,"href":"https:\/\/linitiative.ca\/International\/wp-json\/wp\/v2\/categories?post=130812"},{"taxonomy":"post_tag","embeddable":true,"href":"https:\/\/linitiative.ca\/International\/wp-json\/wp\/v2\/tags?post=130812"}],"curies":[{"name":"wp","href":"https:\/\/api.w.org\/{rel}","templated":true}]}}