{"id":130813,"date":"2021-10-23T05:18:02","date_gmt":"2021-10-23T09:18:02","guid":{"rendered":"https:\/\/linitiative.ca\/International\/politique-et-faits-divers-a-la-une-de-la-presse-senegalaise\/"},"modified":"2021-10-23T05:18:02","modified_gmt":"2021-10-23T09:18:02","slug":"politique-et-faits-divers-a-la-une-de-la-presse-senegalaise","status":"publish","type":"post","link":"https:\/\/linitiative.ca\/International\/politique-et-faits-divers-a-la-une-de-la-presse-senegalaise\/","title":{"rendered":"Politique et faits divers \u00e0 la Une de la presse s\u00e9n\u00e9galaise"},"content":{"rendered":"<div>\n<p><img loading=\"lazy\" decoding=\"async\" width=\"250\" height=\"200\" src=\"https:\/\/linitiative.ca\/International\/wp-content\/uploads\/sites\/23\/2021\/10\/16349806824403.jpg\" class=\"attachment-post-thumbnail size-post-thumbnail wp-post-image\" alt=\"\"><\/p>\n<p>L&rsquo;actualit\u00e9 politique et les faits de soci\u00e9t\u00e9 s&rsquo; imposent aux quotidiens s\u00e9n\u00e9galais parvenus ce samedi \u00e0 APA.Sud Quotidien traite de la mise en place, hier, \u00a0par l&rsquo;Assembl\u00e9e nationale d&rsquo;une commission pour la lever l&rsquo;immunit\u00e9 parlementaire des d\u00e9put\u00e9s Boubacar Biaye et El Hadj Mamadou Sall impliqu\u00e9s dans un trafic pr\u00e9sum\u00e9 de passeports diplomatiques. \u00ab\u00a0La commission ad hoc, en jeu !\u00a0\u00bb, s&rsquo;exclame le journal, faisant \u00e9tat d&rsquo;un \u00ab\u00a0jeu trouble de la majorit\u00e9 \u00a0(Benno Bokk Yakkar)\u00a0\u00bb.<\/p>\n<p>\u00ab\u00a0Lev\u00e9e de l&rsquo;immunit\u00e9 parlementaire des d\u00e9put\u00e9s Biaye et Sall : La proc\u00e9dure enclench\u00e9e en mode fast track\u00a0\u00bb, constate L&rsquo;As, qui informe que le bureau sera en r\u00e9union mardi 26 octobre pour d\u00e9poser son rapport dans dix jours.<\/p>\n<p>\u00ab\u00a0Une commission ad hoc en mode fast track\u00a0\u00bb, rench\u00e9rit Source A, qui \u00e0 quelques jours des investitures des candidats aux \u00e9lections territoriales du 23 janvier 2022, informe que des leaders de Benno Bokk Yakkar lavent leur linge sale \u00e0 la DIC ( Division des investigations criminelles)\u00a0\u00bb.<\/p>\n<p>Nos confr\u00e8res \u00e9crivent que Thierno Ndiaye, candidat \u00e0 la mairie de Gueule-Tap\u00e9\u00e9-Fass-Colobane, a port\u00e9 plainte contre Babacar Ba, son camarade de parti, pour un commentaire jug\u00e9 d\u00e9plac\u00e9.<\/p>\n<p>Renseignant que le parti d&rsquo;Ousmane Sonko investit dans les 19 communes et la ville de Dakar, Le Quotidien titre : \u00ab\u00a0Pastef partout. Pastef d\u00e9fie Taxawou (de Khalifa Sall). Sonko d\u00e9nonce les suspensions \u00e0 la coalition Yewwi Askan Wi \u00a0(YAW)\u00a0\u00bb.<\/p>\n<p>\u00ab\u00a0Listes de Pastef dans les 19 communes de Dakar : Les Patriotes veulent d\u00e9tr\u00f4ner les Khalafistes\u00a0\u00bb, titre L&rsquo;As.<\/p>\n<p>\u00ab\u00a0Vell\u00e9it\u00e9s de r\u00e9bellion de ses troupes contre YAW : Sonko sort la cravache. Dakar se plie sagement, Tamba qui &lsquo;s&rsquo;\u00e9tait rebelle se range sans discuter\u00a0\u00bb, rapporte Vox Populi.<\/p>\n<p>Cela fait dire \u00e0 Walf Quotidien que \u00ab\u00a0Sonko met de l&rsquo;ordre dans ses rangs\u00a0\u00bb.<\/p>\n<p>\u00ab\u00a0\u00c9lections locales de 2022 : Sonko rappelle \u00e0 l&rsquo;ordre ses troupes, la tension monte \u00e0 Benno\u00a0\u00bb, indique Lib\u00e9ration.<\/p>\n<p>En faits divers, Sud Quotidien revient sur ce qu&rsquo;il qualifie d&rsquo;horreur \u00e0 Kandiadiou (Bignona, Sud) o\u00f9 une mine a tu\u00e9 hier vendredi six personnes qui \u00e9taient \u00e0 bord d&rsquo;une charrette.<\/p>\n<p>\u00ab\u00a0Explosion d&rsquo;une mine anti-personnelle \u00e0 Bignona : des morts et des bless\u00e9s\u00a0\u00bb, ajoute Source A.<\/p>\n<p>Les \u00c9chos titre sur l&rsquo;attaque du domicile de la veuve de Cheikh Bethio Thioune et souligne que \u00ab\u00a0les thiantacounes pr\u00eats \u00e0 mourir pour A\u00efda Diallo (leur guide spirituel)\u00a0\u00bb.<\/p>\n<p>Pendant ce temps, Le Soleil voyage au Fespaco de Ouagadougou et parle d&rsquo;une \u00ab\u00a0belle moisson s\u00e9n\u00e9galaise\u00a0\u00bb avec \u00ab\u00a0Baamum Nafi\u00a0\u00bb et \u00ab\u00a0Les Tissus blancs\u00a0\u00bb qui ont gagn\u00e9 des prix sp\u00e9ciaux, alors qu&rsquo;au palmar\u00e8s officiel, on retrouve \u00ab\u00a0Wala Bok\u00a0\u00bb de Fatou Kand\u00e9 Senhor avec le prix de la m\u00e9daille s\u00e9rie africaine.<\/p>\n<p>Cet article <a rel=\"nofollow\" href=\"https:\/\/www.journalducameroun.com\/politique-et-faits-divers-a-la-une-de-la-presse-senegalaise\/\">Politique et faits divers \u00e0 la Une de la presse s\u00e9n\u00e9galaise<\/a> est apparu en premier sur <a rel=\"nofollow\" href=\"https:\/\/www.journalducameroun.com\/\">Journal du Cameroun<\/a>.<\/p>\n<\/div>\n<p>Auteur: APA News<br \/>\n<a href=\"https:\/\/www.journalducameroun.com\/politique-et-faits-divers-a-la-une-de-la-presse-senegalaise\/\">Cliquez ici pour lire l&rsquo;article depuis sa source.<\/a><\/p>\n","protected":false},"excerpt":{"rendered":"<p>L&rsquo;actualit\u00e9 politique et les faits de soci\u00e9t\u00e9 s&rsquo; imposent aux quotidiens s\u00e9n\u00e9galais parvenus ce samedi \u00e0 APA.Sud Quotidien traite de la mise en place, hier, \u00a0par l&rsquo;Assembl\u00e9e nationale d&rsquo;une commission pour la lever l&rsquo;immunit\u00e9 parlementaire des d\u00e9put\u00e9s Boubacar Biaye et El Hadj Mamadou Sall impliqu\u00e9s dans un trafic pr\u00e9sum\u00e9 de passeports diplomatiques. \u00ab\u00a0La commission ad [&hellip;]<\/p>\n","protected":false},"author":1965,"featured_media":0,"comment_status":"closed","ping_status":"closed","sticky":false,"template":"","format":"standard","meta":{"fifu_image_url":"https:\/\/www.journalducameroun.com\/wp-content\/uploads\/2021\/10\/16349806824403.jpg","fifu_image_alt":"Politique et faits divers \u00e0 la Une de la presse s\u00e9n\u00e9galaise","footnotes":""},"categories":[73,82],"tags":[],"class_list":["post-130813","post","type-post","status-publish","format-standard","hentry","category-actualite","category-cameroun"],"_links":{"self":[{"href":"https:\/\/linitiative.ca\/International\/wp-json\/wp\/v2\/posts\/130813","targetHints":{"allow":["GET"]}}],"collection":[{"href":"https:\/\/linitiative.ca\/International\/wp-json\/wp\/v2\/posts"}],"about":[{"href":"https:\/\/linitiative.ca\/International\/wp-json\/wp\/v2\/types\/post"}],"author":[{"embeddable":true,"href":"https:\/\/linitiative.ca\/International\/wp-json\/wp\/v2\/users\/1965"}],"replies":[{"embeddable":true,"href":"https:\/\/linitiative.ca\/International\/wp-json\/wp\/v2\/comments?post=130813"}],"version-history":[{"count":0,"href":"https:\/\/linitiative.ca\/International\/wp-json\/wp\/v2\/posts\/130813\/revisions"}],"wp:attachment":[{"href":"https:\/\/linitiative.ca\/International\/wp-json\/wp\/v2\/media?parent=130813"}],"wp:term":[{"taxonomy":"category","embeddable":true,"href":"https:\/\/linitiative.ca\/International\/wp-json\/wp\/v2\/categories?post=130813"},{"taxonomy":"post_tag","embeddable":true,"href":"https:\/\/linitiative.ca\/International\/wp-json\/wp\/v2\/tags?post=130813"}],"curies":[{"name":"wp","href":"https:\/\/api.w.org\/{rel}","templated":true}]}}