{"id":130815,"date":"2021-10-23T05:18:02","date_gmt":"2021-10-23T09:18:02","guid":{"rendered":"https:\/\/linitiative.ca\/International\/leconomiste-de-renom-jacques-attali-attendu-a-la-cgeci-academy-2021-a-abidjan\/"},"modified":"2021-10-23T05:18:02","modified_gmt":"2021-10-23T09:18:02","slug":"leconomiste-de-renom-jacques-attali-attendu-a-la-cgeci-academy-2021-a-abidjan","status":"publish","type":"post","link":"https:\/\/linitiative.ca\/International\/leconomiste-de-renom-jacques-attali-attendu-a-la-cgeci-academy-2021-a-abidjan\/","title":{"rendered":"L\u2019\u00e9conomiste de renom Jacques Attali attendu \u00e0 la Cgeci Academy 2021 \u00e0 Abidjan"},"content":{"rendered":"<div>\n<p><img loading=\"lazy\" decoding=\"async\" width=\"800\" height=\"533\" src=\"https:\/\/linitiative.ca\/International\/wp-content\/uploads\/sites\/23\/2021\/10\/16349806822305.jpg\" class=\"attachment-post-thumbnail size-post-thumbnail wp-post-image\" alt=\"\" srcset=\"https:\/\/linitiative.ca\/International\/wp-content\/uploads\/sites\/23\/2021\/10\/16349806822305.jpg 800w, https:\/\/www.journalducameroun.com\/wp-content\/uploads\/2021\/10\/16349806822305-300x200.jpg 300w, https:\/\/www.journalducameroun.com\/wp-content\/uploads\/2021\/10\/16349806822305-768x512.jpg 768w, https:\/\/www.journalducameroun.com\/wp-content\/uploads\/2021\/10\/16349806822305-660x440.jpg 660w, https:\/\/www.journalducameroun.com\/wp-content\/uploads\/2021\/10\/16349806822305-600x400.jpg 600w\" sizes=\"auto, (max-width: 800px) 100vw, 800px\"><\/p>\n<p>L&rsquo;\u00e9conomiste et \u00e9crivain fran\u00e7ais de renom Jacques Attali est attendu \u00e0 Abidjan pour la 9e \u00e9dition du forum \u00e9conomique Cgeci Academy pr\u00e9vue les 28 et 29 octobre 2021.<\/p>\n<p>Le directeur ex\u00e9cutif de la Conf\u00e9d\u00e9ration g\u00e9n\u00e9rale des entreprises de C\u00f4te d&rsquo;Ivoire \u00a0(Cgeci), St\u00e9phane Aka-Anghui, a lors d&rsquo;un point de presse \u00e0 la Maison de l&rsquo;entreprise, indiqu\u00e9 que cette \u00e9dition aura lieu en hybride en raison de la Covid-19.\u00a0<\/p>\n<p>La 9e \u00e9dition du plus grand Forum \u00e9conomique de la Conf\u00e9d\u00e9ration G\u00e9n\u00e9rale des Entreprises de C\u00f4te d&rsquo;Ivoire (CGECI) d\u00e9nomm\u00e9 Cgeci Academy est pr\u00e9vue les 28 et 29 octobre 2021.\u00a0<\/p>\n<p>Le th\u00e8me de ce Forum \u00e9conomique est \u00ab\u00a0Crises et r\u00e9silience des entreprises en Afrique\u00a0\u00bb. L&rsquo;\u00e9v\u00e9nement tiendra compte des mesures sanitaires d\u00e9cid\u00e9es par le gouvernement dans le cadre de la lutte contre la propagation de la Covid-19.\u00a0<\/p>\n<p>Selon le pr\u00e9sident du Comit\u00e9 scientifique, \u00a0Lucien Agbia, l&rsquo;\u00e9conomiste fran\u00e7ais de renom Jacques Attali fera la conf\u00e9rence d&rsquo;ouverture. Une session de haut niveau \u00e0 l&rsquo;ouverture verra la participation du Premier ministre, et du secr\u00e9taire g\u00e9n\u00e9ral de la Zlecaf.\u00a0<\/p>\n<p>Apr\u00e8s la \u00a0R\u00e9publique du Rwanda comme \u00ab Pays invit\u00e9 d&rsquo;honneur \u00bb \u00e0 la pr\u00e9c\u00e9dente \u00e9dition en 2019, le Patronat ivoirien a port\u00e9 \u00e0 cette nouvelle \u00e9dition son choix sur la R\u00e9publique du Ghana. Le pr\u00e9sident du Patronat ghan\u00e9en sera \u00e0 l&rsquo;ouverture de la session.\u00a0<\/p>\n<p>Il a pr\u00e9sent\u00e9 le caract\u00e8re innovant de la pr\u00e9sente \u00e9dition qui prend une forme hybride. Selon le directeur ex\u00e9cutif de la Cgeci, cela favorisera la participation \u00e0 distance et en pr\u00e9sentiel.\u00a0<\/p>\n<p>Le Forum va d\u00e9battre des probl\u00e9matiques sur les crises afin de de trouver des pistes de solutions pour le d\u00e9veloppement du continent africain.<\/p>\n<p>Des pan\u00e9listes de haut niveau sont invit\u00e9s dont Jacques Attali, \u00e9conomiste et \u00e9crivain fran\u00e7ais, qui prononcera la conf\u00e9rence inaugurale le 28 octobre sur le th\u00e8me g\u00e9n\u00e9ral du forum. Les panels seront l&rsquo;occasion d&rsquo;un partage des outils pratiques pour d\u00e9velopper une capacit\u00e9 de r\u00e9silience face aux crises multiples et multiformes que l&rsquo;Afrique traverse en vue d&rsquo;une croissance \u00e9conomique robuste et durable.<\/p>\n<p>Cet article <a rel=\"nofollow\" href=\"https:\/\/www.journalducameroun.com\/leconomiste-de-renom-jacques-attali-attendu-a-la-cgeci-academy-2021-a-abidjan\/\">L\u2019\u00e9conomiste de renom Jacques Attali attendu \u00e0 la Cgeci Academy 2021 \u00e0 Abidjan<\/a> est apparu en premier sur <a rel=\"nofollow\" href=\"https:\/\/www.journalducameroun.com\/\">Journal du Cameroun<\/a>.<\/p>\n<\/div>\n<p>Auteur: APA News<br \/>\n<a href=\"https:\/\/www.journalducameroun.com\/leconomiste-de-renom-jacques-attali-attendu-a-la-cgeci-academy-2021-a-abidjan\/\">Cliquez ici pour lire l&rsquo;article depuis sa source.<\/a><\/p>\n","protected":false},"excerpt":{"rendered":"<p>L&rsquo;\u00e9conomiste et \u00e9crivain fran\u00e7ais de renom Jacques Attali est attendu \u00e0 Abidjan pour la 9e \u00e9dition du forum \u00e9conomique Cgeci Academy pr\u00e9vue les 28 et 29 octobre 2021. Le directeur ex\u00e9cutif de la Conf\u00e9d\u00e9ration g\u00e9n\u00e9rale des entreprises de C\u00f4te d&rsquo;Ivoire \u00a0(Cgeci), St\u00e9phane Aka-Anghui, a lors d&rsquo;un point de presse \u00e0 la Maison de l&rsquo;entreprise, indiqu\u00e9 [&hellip;]<\/p>\n","protected":false},"author":1965,"featured_media":0,"comment_status":"closed","ping_status":"closed","sticky":false,"template":"","format":"standard","meta":{"fifu_image_url":"https:\/\/www.journalducameroun.com\/wp-content\/uploads\/2021\/10\/16349806822305.jpg","fifu_image_alt":"L\u2019\u00e9conomiste de renom Jacques Attali attendu \u00e0 la Cgeci Academy 2021 \u00e0 Abidjan","footnotes":""},"categories":[73,82],"tags":[],"class_list":["post-130815","post","type-post","status-publish","format-standard","hentry","category-actualite","category-cameroun"],"_links":{"self":[{"href":"https:\/\/linitiative.ca\/International\/wp-json\/wp\/v2\/posts\/130815","targetHints":{"allow":["GET"]}}],"collection":[{"href":"https:\/\/linitiative.ca\/International\/wp-json\/wp\/v2\/posts"}],"about":[{"href":"https:\/\/linitiative.ca\/International\/wp-json\/wp\/v2\/types\/post"}],"author":[{"embeddable":true,"href":"https:\/\/linitiative.ca\/International\/wp-json\/wp\/v2\/users\/1965"}],"replies":[{"embeddable":true,"href":"https:\/\/linitiative.ca\/International\/wp-json\/wp\/v2\/comments?post=130815"}],"version-history":[{"count":0,"href":"https:\/\/linitiative.ca\/International\/wp-json\/wp\/v2\/posts\/130815\/revisions"}],"wp:attachment":[{"href":"https:\/\/linitiative.ca\/International\/wp-json\/wp\/v2\/media?parent=130815"}],"wp:term":[{"taxonomy":"category","embeddable":true,"href":"https:\/\/linitiative.ca\/International\/wp-json\/wp\/v2\/categories?post=130815"},{"taxonomy":"post_tag","embeddable":true,"href":"https:\/\/linitiative.ca\/International\/wp-json\/wp\/v2\/tags?post=130815"}],"curies":[{"name":"wp","href":"https:\/\/api.w.org\/{rel}","templated":true}]}}