{"id":130819,"date":"2021-10-23T11:35:58","date_gmt":"2021-10-23T15:35:58","guid":{"rendered":"https:\/\/linitiative.ca\/International\/miss-cameroun-2022-une-candidate-ayant-demissionne-evoque-des-pratiques-esoteriques-au-comica\/"},"modified":"2021-10-23T11:35:58","modified_gmt":"2021-10-23T15:35:58","slug":"miss-cameroun-2022-une-candidate-ayant-demissionne-evoque-des-pratiques-esoteriques-au-comica","status":"publish","type":"post","link":"https:\/\/linitiative.ca\/International\/miss-cameroun-2022-une-candidate-ayant-demissionne-evoque-des-pratiques-esoteriques-au-comica\/","title":{"rendered":"Miss Cameroun 2022: une candidate ayant d\u00e9missionn\u00e9 \u00e9voque des pratiques \u00e9sot\u00e9riques au COMICA"},"content":{"rendered":"<div>\n<p><img loading=\"lazy\" decoding=\"async\" width=\"900\" height=\"508\" src=\"https:\/\/linitiative.ca\/International\/wp-content\/uploads\/sites\/23\/2021\/10\/carelle_ntolo_people237-1.jpg\" class=\"attachment-post-thumbnail size-post-thumbnail wp-post-image\" alt=\"\" srcset=\"https:\/\/linitiative.ca\/International\/wp-content\/uploads\/sites\/23\/2021\/10\/carelle_ntolo_people237-1.jpg 900w, https:\/\/www.journalducameroun.com\/wp-content\/uploads\/2021\/10\/carelle_ntolo_people237-1-300x169.jpg 300w, https:\/\/www.journalducameroun.com\/wp-content\/uploads\/2021\/10\/carelle_ntolo_people237-1-768x433.jpg 768w, https:\/\/www.journalducameroun.com\/wp-content\/uploads\/2021\/10\/carelle_ntolo_people237-1-780x440.jpg 780w, https:\/\/www.journalducameroun.com\/wp-content\/uploads\/2021\/10\/carelle_ntolo_people237-1-380x215.jpg 380w, https:\/\/www.journalducameroun.com\/wp-content\/uploads\/2021\/10\/carelle_ntolo_people237-1-160x90.jpg 160w, https:\/\/www.journalducameroun.com\/wp-content\/uploads\/2021\/10\/carelle_ntolo_people237-1-240x135.jpg 240w, https:\/\/www.journalducameroun.com\/wp-content\/uploads\/2021\/10\/carelle_ntolo_people237-1-600x339.jpg 600w\" sizes=\"auto, (max-width: 900px) 100vw, 900px\"><\/p>\n<p style=\"text-align: justify;\"><strong>Carelle Ntolo, candidate N\u00b09 pour la finale r\u00e9gionale de Miss Sud, a d\u00e9missionn\u00e9 \u00e0 deux jours de cette \u00e9tape d\u00e9cisive. Elle a r\u00e9pondu aux questions d\u2019un blog et voici ses raisons.<\/strong><\/p>\n<div style=\"text-align: justify;\"><\/div>\n<div style=\"text-align: justify;\"><\/div>\n<div style=\"text-align: justify;\"><\/div>\n<p style=\"text-align: justify;\"><strong>Ntolo Enama Marthe Carelle<\/strong>\u00a0 (en photo) \u00e9tait sur l\u2019affiche des candidates s\u00e9lectionn\u00e9es pour la finale r\u00e9gionale grand centre de <strong>Miss Cameroun<\/strong> le weekend dernier. Mais sur le podium samedi, elle n\u2019\u00e9tait pas pr\u00e9sente. Annonc\u00e9e comme d\u00e9missionnaire, elle d\u00e9cide de rompre le silence pour \u00e9claircir l\u2019affaire.<\/p>\n<p style=\"text-align: justify;\">Elle \u00e9voque via le blog Fair play Entertainment, des pratiques de sorcellerie contre sa personne. \u00ab\u00a0<em>Tout d\u2019abord j\u2019ai \u00e9t\u00e9 contact\u00e9e par une personne anonyme qui m\u2019a fait comprendre qu\u2019elle pouvait me faire gagner le concours Miss Cameroun si j\u2019adh\u00e9rais \u00e0 certains cercles ou si j\u2019acceptais de faire certaines choses (sectes et prostitution). Je les ai toutes refus\u00e9s\u2026 Et \u00e7a c\u2019\u00e9tait avant le d\u00e9but du concours que cette personne m\u2019a approch\u00e9. Durant les pr\u00e9paratifs de Miss grand centre, j\u2019ai appris de sources s\u00fbrs (au COMICA) qu\u2019une conspiration \u00e9tait entrain de se pr\u00e9parer contre moi avant la grande finale de Miss grand centre. Mes proches m\u2019ont conseill\u00e9 de prot\u00e9ger ma vie et de quitter la comp\u00e9tition pour \u00e9viter des v\u00e9ritables surprises \u00e0 long terme.<\/em>\u00a0\u00bb a-t-elle expliqu\u00e9.<\/p>\n<p style=\"text-align: justify;\">Mais malgr\u00e9 cette situation inqui\u00e9tante, la candidate a voulu poursuivre la comp\u00e9tition. Mais un avertissement plus s\u00e9rieux est arriv\u00e9: \u00ab\u00a0La semaine pass\u00e9e mercredi soir, je me suis couch\u00e9e dans de bonnes conditions. Jeudi matin je me r\u00e9veille avec le visage compl\u00e8tement noir, c\u2019est \u00e0 dire que j\u2019avais deux teints sur moi. C\u2019est vendredi que j\u2019ai d\u00e9missionn\u00e9 car j\u2019ai vu que la situation \u00e9tait tr\u00e8s grave. Raison pour laquelle je ne suis pas all\u00e9e \u00e0 NOUS CHEZ VOUS \u00e0 la t\u00e9l\u00e9vision Canal 2 ce vendredi l\u00e0. J\u2019ai signal\u00e9 au membre du <strong>COMICA<\/strong> que je ne participerai en toute politesse, mais bizarrement quand j\u2019ai dit \u00e0 l\u2019un des membres du COMICA mon indisponibilit\u00e9, il m\u2019a juste r\u00e9pondu \u00a0\u00bbOk\u00a0\u00bb sans toutefois savoir ce qui m\u2019a pouss\u00e9 \u00e0 d\u00e9missionner.\u00a0\u00bb a-t-elle ajout\u00e9.<\/p>\n<p style=\"text-align: justify;\">Entre d\u00e9sillusion et peur, <strong>Carelle Ntolo<\/strong> a donc d\u00e9cid\u00e9 de se retirer pour sauver sa peau. Selon elle, il n\u2019y a plus de m\u00e9rite dans cette comp\u00e9tition: \u00ab\u00a0<em>Je croyais que c\u2019est le m\u00e9rite qu\u2019on pr\u00f4nait , mais h\u00e9las, je me suis tromp\u00e9e . Sachez que toutes ses filles qui sont Miss et Dauphines , certaines ne m\u00e9ritent pas leurs places et ont emprunt\u00e9 certaines voies peu recommandables. Mon but est de toucher le public et que si \u00e7a peut s\u2019arr\u00eater ; ce genre d\u2019histoire dans les concours de beaut\u00e9 car c\u2019est de trop<\/em>.\u00a0\u00bb.<\/p>\n<p style=\"text-align: justify;\">En voil\u00e0 un scandale de plus auquel doit se r\u00e9soudre de comit\u00e9 d&rsquo;organisation du concours Miss Cameroun.<\/p>\n<p>Cet article <a rel=\"nofollow\" href=\"https:\/\/www.journalducameroun.com\/miss-cameroun-2022-une-candidate-ayant-demissionne-evoque-des-pratiques-esoteriques-au-comica\/\">Miss Cameroun 2022: une candidate ayant d\u00e9missionn\u00e9 \u00e9voque des pratiques \u00e9sot\u00e9riques au COMICA<\/a> est apparu en premier sur <a rel=\"nofollow\" href=\"https:\/\/www.journalducameroun.com\/\">Journal du Cameroun<\/a>.<\/p>\n<\/div>\n<p>Auteur: Christian DJIMADEU<br \/>\n<a href=\"https:\/\/www.journalducameroun.com\/miss-cameroun-2022-une-candidate-ayant-demissionne-evoque-des-pratiques-esoteriques-au-comica\/\">Cliquez ici pour lire l&rsquo;article depuis sa source.<\/a><\/p>\n","protected":false},"excerpt":{"rendered":"<p>Carelle Ntolo, candidate N\u00b09 pour la finale r\u00e9gionale de Miss Sud, a d\u00e9missionn\u00e9 \u00e0 deux jours de cette \u00e9tape d\u00e9cisive. Elle a r\u00e9pondu aux questions d\u2019un blog et voici ses raisons. Ntolo Enama Marthe Carelle\u00a0 (en photo) \u00e9tait sur l\u2019affiche des candidates s\u00e9lectionn\u00e9es pour la finale r\u00e9gionale grand centre de Miss Cameroun le weekend dernier. [&hellip;]<\/p>\n","protected":false},"author":1965,"featured_media":0,"comment_status":"closed","ping_status":"closed","sticky":false,"template":"","format":"standard","meta":{"fifu_image_url":"https:\/\/www.journalducameroun.com\/wp-content\/uploads\/2021\/10\/carelle_ntolo_people237-1.jpg","fifu_image_alt":"Miss Cameroun 2022: une candidate ayant d\u00e9missionn\u00e9 \u00e9voque des pratiques \u00e9sot\u00e9riques au COMICA","footnotes":""},"categories":[73,82],"tags":[],"class_list":["post-130819","post","type-post","status-publish","format-standard","hentry","category-actualite","category-cameroun"],"_links":{"self":[{"href":"https:\/\/linitiative.ca\/International\/wp-json\/wp\/v2\/posts\/130819","targetHints":{"allow":["GET"]}}],"collection":[{"href":"https:\/\/linitiative.ca\/International\/wp-json\/wp\/v2\/posts"}],"about":[{"href":"https:\/\/linitiative.ca\/International\/wp-json\/wp\/v2\/types\/post"}],"author":[{"embeddable":true,"href":"https:\/\/linitiative.ca\/International\/wp-json\/wp\/v2\/users\/1965"}],"replies":[{"embeddable":true,"href":"https:\/\/linitiative.ca\/International\/wp-json\/wp\/v2\/comments?post=130819"}],"version-history":[{"count":0,"href":"https:\/\/linitiative.ca\/International\/wp-json\/wp\/v2\/posts\/130819\/revisions"}],"wp:attachment":[{"href":"https:\/\/linitiative.ca\/International\/wp-json\/wp\/v2\/media?parent=130819"}],"wp:term":[{"taxonomy":"category","embeddable":true,"href":"https:\/\/linitiative.ca\/International\/wp-json\/wp\/v2\/categories?post=130819"},{"taxonomy":"post_tag","embeddable":true,"href":"https:\/\/linitiative.ca\/International\/wp-json\/wp\/v2\/tags?post=130819"}],"curies":[{"name":"wp","href":"https:\/\/api.w.org\/{rel}","templated":true}]}}