{"id":130823,"date":"2021-10-23T13:55:41","date_gmt":"2021-10-23T17:55:41","guid":{"rendered":"https:\/\/linitiative.ca\/International\/adm-des-programmes-ambitieux-pour-lutter-contre-le-changement-climatique\/"},"modified":"2021-10-23T13:55:41","modified_gmt":"2021-10-23T17:55:41","slug":"adm-des-programmes-ambitieux-pour-lutter-contre-le-changement-climatique","status":"publish","type":"post","link":"https:\/\/linitiative.ca\/International\/adm-des-programmes-ambitieux-pour-lutter-contre-le-changement-climatique\/","title":{"rendered":"ADM : Des programmes ambitieux pour lutter contre le changement climatique"},"content":{"rendered":"<div>\n<p><img loading=\"lazy\" decoding=\"async\" width=\"300\" height=\"153\" src=\"https:\/\/linitiative.ca\/International\/wp-content\/uploads\/sites\/23\/2021\/10\/ADM-programmes-Vert-et-Azur-Borne-De-recharge-voitures-electriques-300x153-1.jpg\" class=\"attachment-medium size-medium wp-post-image\" alt=\"\" srcset=\"https:\/\/linitiative.ca\/International\/wp-content\/uploads\/sites\/23\/2021\/10\/ADM-programmes-Vert-et-Azur-Borne-De-recharge-voitures-electriques-300x153-1.jpg 300w, https:\/\/aujourdhui.ma\/wp-content\/uploads\/2021\/10\/ADM-programmes-Vert-et-Azur-Borne-De-recharge-voitures-electriques-274x140.jpg 274w, https:\/\/aujourdhui.ma\/wp-content\/uploads\/2021\/10\/ADM-programmes-Vert-et-Azur-Borne-De-recharge-voitures-electriques.jpg 746w, https:\/\/aujourdhui.ma\/wp-content\/uploads\/2021\/10\/ADM-programmes-Vert-et-Azur-Borne-De-recharge-voitures-electriques-165x84.jpg 165w, https:\/\/aujourdhui.ma\/wp-content\/uploads\/2021\/10\/ADM-programmes-Vert-et-Azur-Borne-De-recharge-voitures-electriques-702x358.jpg 702w\" sizes=\"auto, (max-width: 300px) 100vw, 300px\"><\/p>\n<p><span style=\"font-size: 20px; color: #800000;\"><strong>L\u2019op\u00e9rateur d\u00e9cline tout un dispositif pour la r\u00e9silience du r\u00e9seau autoroutier<\/strong><\/span><br \/>\n<span id=\"more-389617\"><\/span><\/p>\n<p><span style=\"color: #ff0000;\">Les programmes Vert et Azur illustrent pleinement cette orientation \u00e9cologique de l\u2019op\u00e9rateur. Le premier dispositif tend en effet \u00e0 sauvegarder l\u2019environnement et r\u00e9duire l\u2019empreinte carbone. ADM d\u00e9ploie dans ce sens le projet \u00abAl Ard\u00bb qui consiste \u00e0 prot\u00e9ger les talus autoroutiers contre l\u2019\u00e9rosion hydrique et stabiliser les soles par des techniques innovantes bas\u00e9es sur le g\u00e9nie biologique.<\/span><\/p>\n<p>Consciente de l\u2019enjeu du changement climatique, la Soci\u00e9t\u00e9 marocaine des autoroutes du Maroc (ADM) a mis en place depuis plusieurs ann\u00e9es d\u00e9j\u00e0 tout un dispositif orient\u00e9 durabilit\u00e9. L\u2019engagement \u00e9tant d\u2019assurer la r\u00e9silience du r\u00e9seau autoroutier \u00e0 travers le d\u00e9ploiement de projets innovants \u00e0 fort impact environnemental et socio-\u00e9conomique. Les programmes Vert et Azur illustrent pleinement cette orientation \u00e9cologique de l\u2019op\u00e9rateur. Le premier dispositif tend en effet \u00e0 sauvegarder l\u2019environnement et r\u00e9duire l\u2019empreinte carbone.<\/p>\n<p>ADM d\u00e9ploie dans ce sens le projet \u00abAl Ard\u00bb qui consiste \u00e0 prot\u00e9ger les talus autoroutiers contre l\u2019\u00e9rosion hydrique et stabiliser les soles par des techniques innovantes bas\u00e9es sur le g\u00e9nie biologique. Ce projet a amorc\u00e9 sa phase de d\u00e9ploiement \u00e0 grande \u00e9chelle, et ce apr\u00e8s l\u2019aboutissement des travaux de recherche, men\u00e9s en partenariat avec l\u2019Institut national de recherche agronomique (INRA) et la coop\u00e9ration technique allemande (GIZ). Ceci passe par l\u2019association des agriculteurs riverains \u00e0 l\u2019autoroute \u00e0 travers la multiplication des semences destin\u00e9es \u00e0 la fixation des sols. Mais bien avant, les agriculteurs b\u00e9n\u00e9ficient d\u2019une formation dispens\u00e9e par ADM Acad\u00e9mie. Le programme Vert initi\u00e9 par ADM porte \u00e9galement sur le d\u00e9ploiement des techniques de compactage \u00e0 sec permettant ainsi de pr\u00e9server des milliards de litres d\u2019eau dans la construction des infrastructures.<\/p>\n<p>A cela s\u2019ajoute la compensation de l\u2019empreinte carbone \u00e0 travers la plantation d\u2019arbres ainsi que la valorisation des eaux r\u00e9cup\u00e9r\u00e9es sur la plateforme d\u2019autoroute et ses ouvrages d\u2019assainissement pour r\u00e9utilisation en vue de l\u2019arrosage ainsi que la gestion s\u00e9lective et int\u00e9gr\u00e9e des d\u00e9chets collect\u00e9s et leur recyclage. ADM \u0153uvre \u00e9galement \u00e0 la r\u00e9habilitation des chauss\u00e9es en utilisant des techniques \u00e9conomes en granulats et en bitume d\u2019apport. A cet \u00e9gard, ADM valorise les mat\u00e9riaux pr\u00e9sents dans la chauss\u00e9e en les r\u00e9utilisant. Cette valorisation s\u2019op\u00e8re de diff\u00e9rentes mani\u00e8res. Citons entre autres le recyclage des agr\u00e9gats d\u2019enrob\u00e9s issus des chauss\u00e9es existantes au niveau des centrales \u00e0 enrob\u00e9s au taux de 20% afin de fabriquer les nouvelles couches d\u2019assises. Cela repr\u00e9sente 20% d\u2019\u00e9conomie au niveau des granulats d\u2019apport et autant au niveau du bitume d\u2019apport.<\/p>\n<p>Autre proc\u00e9d\u00e9 utilis\u00e9, celui du traitement des couches support \u00e0 travers la valorisation d\u2019anciens mat\u00e9riaux au niveau de la couche de forme ou de la partie sup\u00e9rieure des terrassements en les traitant \u00e0 la chaux, au ciment ou parfois en les m\u00e9langeant aux agr\u00e9gats d\u2019enrob\u00e9s afin d\u2019offrir un meilleur niveau de support pour les nouvelles couches de chauss\u00e9e. ADM s\u2019engage \u00e9galement dans l\u2019am\u00e9lioration de la s\u00e9curit\u00e9 des accotements en revalorisant les agr\u00e9gats d\u2019enrob\u00e9s frais\u00e9s comme couche d\u2019\u00e9paulement des accotements. La finalit\u00e9 \u00e9tant d\u2019\u00e9liminer les \u00e9ventuels d\u00e9nivel\u00e9s et am\u00e9liorer davantage la s\u00e9curit\u00e9 offerte aux usagers. Il est \u00e9galement proc\u00e9d\u00e9 au rachat des fraisats exc\u00e9dentaires. Ainsi, le reliquat \u00e9ventuel des agr\u00e9gats d\u2019enrob\u00e9s issus de la chauss\u00e9e existante et non recycl\u00e9s \u00e0 travers les techniques pr\u00e9c\u00e9dentes est vendu afin d\u2019\u00eatre valoris\u00e9 au niveau d\u2019autres projets. Notons que le programme Azur d\u2019ADM s\u2019articule autour de l\u2019int\u00e9gration des \u00e9nergies renouvelables et de la mobilit\u00e9 durable. Ceci passe par la mise en place de stations de production de l\u2019\u00e9lectricit\u00e9 \u00e0 base d\u2019\u00e9nergie solaire dans les gares de p\u00e9age, de l\u2019installation de bornes de recharge pour les voitures \u00e9lectriques sur les aires de service ainsi que la sensibilisation \u00e0 l\u2019\u00e9co-conduite, \u00e0 la mobilit\u00e9 durable et la s\u00e9curit\u00e9 routi\u00e8re.<\/p>\n<div class=\"base-box mom_box_sc_custom mom_box_sc clear\" style=\"-moz-border-radius: 5px; border-radius: 5px;background-color:#fddeef;\">\n<p><span style=\"font-size: 24px; color: #ff0000;\"><strong>Plus de 200.000 arganiers plant\u00e9s sur nos autoroutes<\/strong><\/span><\/p>\n<p>ADM a pr\u00e9sent\u00e9 derni\u00e8rement un bilan positif de son vaste programme de reboisement et de plantation de l\u2019arganier. Les chiffres ont \u00e9t\u00e9 d\u00e9voil\u00e9s \u00e0 l\u2019occasion de la Journ\u00e9e internationale de l\u2019arganier proclam\u00e9e en date du 10 mai par l\u2019assembl\u00e9e g\u00e9n\u00e9rale des Nations Unies. A cet \u00e9gard, 200.000 arganiers ont \u00e9t\u00e9 plant\u00e9s sur une superficie de 910 hectares sur la p\u00e9riode allant de 2006 \u00e0 2010. Cette r\u00e9alisation se veut le fruit de collaboration entre ADM et le Commissariat aux Eaux et for\u00eats et \u00e0 la lutte contre la d\u00e9sertification. Afin de garantir la r\u00e9ussite et la p\u00e9rennit\u00e9 de l\u2019op\u00e9ration, ADM a mis en place un plan d\u2019entretien sur 2 ans, incluant l\u2019arrosage r\u00e9gulier, la protection du p\u00e2turage, les op\u00e9rations de regarnissage et de remplacement des sujets morts. En addition aux reboisements de compensation, ADM a proc\u00e9d\u00e9, entre 2010 et 2015, \u00e0 la plantation de 20.720 arganiers au sein de l\u2019emprise autorouti\u00e8re, et ce, pour renforcer l\u2019insertion paysag\u00e8re de l\u2019infrastructure autorouti\u00e8re dans le milieu environnant d\u2019une part, et contribuer activement \u00e0 la pr\u00e9servation de cette esp\u00e8ce \u00e0 forte valeur biologique et sociale d\u2019autre part.<\/p>\n<\/div>\n<\/div>\n<p>Auteur: Kawtar Tali<br \/>\n<a href=\"https:\/\/aujourdhui.ma\/economie\/adm-des-programmes-ambitieux-pour-lutter-contre-le-changement-climatique\">Cliquez ici pour lire l&rsquo;article depuis sa source.<\/a><\/p>\n","protected":false},"excerpt":{"rendered":"<p>L\u2019op\u00e9rateur d\u00e9cline tout un dispositif pour la r\u00e9silience du r\u00e9seau autoroutier Les programmes Vert et Azur illustrent pleinement cette orientation \u00e9cologique de l\u2019op\u00e9rateur. Le premier dispositif tend en effet \u00e0 sauvegarder l\u2019environnement et r\u00e9duire l\u2019empreinte carbone. ADM d\u00e9ploie dans ce sens le projet \u00abAl Ard\u00bb qui consiste \u00e0 prot\u00e9ger les talus autoroutiers contre l\u2019\u00e9rosion hydrique [&hellip;]<\/p>\n","protected":false},"author":1759,"featured_media":0,"comment_status":"closed","ping_status":"closed","sticky":false,"template":"","format":"standard","meta":{"fifu_image_url":"https:\/\/aujourdhui.ma\/wp-content\/uploads\/2021\/10\/ADM-programmes-Vert-et-Azur-Borne-De-recharge-voitures-electriques-300x153.jpg","fifu_image_alt":"ADM : Des programmes ambitieux pour lutter contre le changement climatique","footnotes":""},"categories":[73,54],"tags":[],"class_list":["post-130823","post","type-post","status-publish","format-standard","hentry","category-actualite","category-maroc"],"_links":{"self":[{"href":"https:\/\/linitiative.ca\/International\/wp-json\/wp\/v2\/posts\/130823","targetHints":{"allow":["GET"]}}],"collection":[{"href":"https:\/\/linitiative.ca\/International\/wp-json\/wp\/v2\/posts"}],"about":[{"href":"https:\/\/linitiative.ca\/International\/wp-json\/wp\/v2\/types\/post"}],"author":[{"embeddable":true,"href":"https:\/\/linitiative.ca\/International\/wp-json\/wp\/v2\/users\/1759"}],"replies":[{"embeddable":true,"href":"https:\/\/linitiative.ca\/International\/wp-json\/wp\/v2\/comments?post=130823"}],"version-history":[{"count":0,"href":"https:\/\/linitiative.ca\/International\/wp-json\/wp\/v2\/posts\/130823\/revisions"}],"wp:attachment":[{"href":"https:\/\/linitiative.ca\/International\/wp-json\/wp\/v2\/media?parent=130823"}],"wp:term":[{"taxonomy":"category","embeddable":true,"href":"https:\/\/linitiative.ca\/International\/wp-json\/wp\/v2\/categories?post=130823"},{"taxonomy":"post_tag","embeddable":true,"href":"https:\/\/linitiative.ca\/International\/wp-json\/wp\/v2\/tags?post=130823"}],"curies":[{"name":"wp","href":"https:\/\/api.w.org\/{rel}","templated":true}]}}