{"id":130839,"date":"2021-10-24T04:55:22","date_gmt":"2021-10-24T08:55:22","guid":{"rendered":"https:\/\/linitiative.ca\/International\/la-cdg-exige-le-pass-vaccinal\/"},"modified":"2021-10-24T04:55:22","modified_gmt":"2021-10-24T08:55:22","slug":"la-cdg-exige-le-pass-vaccinal","status":"publish","type":"post","link":"https:\/\/linitiative.ca\/International\/la-cdg-exige-le-pass-vaccinal\/","title":{"rendered":"La CDG exige le pass vaccinal"},"content":{"rendered":"<div>\n<div class=\"field field-name-body field-type-text-with-summary field-label-hidden\">\n<div class=\"field-items\">\n<div class=\"field-item even\" property=\"content:encoded\">\n<p class=\"rtejustify\">La Caisse de D\u00e9p\u00f4t et de Gestion (CDG) a adopt\u00e9\u00a0une nouvelle approche pr\u00e9ventive bas\u00e9e sur le \u00abpass vaccinal\u00bb. Cette d\u00e9cision vient en application de la d\u00e9cision gouvernementale li\u00e9e \u00e0 la gestion de la crise sanitaire et \u00e0 l\u2019instauration du pass vaccinal obligatoire. D\u00e9sormais, la pr\u00e9sentation d&rsquo;un pass vaccinal sera\u00a0obligatoire pour toute personne souhaitant acc\u00e9der \u00e0 la CDG, ses succursales et ses annexes.<\/p>\n<\/div>\n<\/div>\n<\/div>\n<\/div>\n<p>Auteur: hgueye<br \/>\n<a href=\"https:\/\/www.leconomiste.com\/flash-infos\/la-cdg-exige-le-pass-vaccinal\">Cliquez ici pour lire l&rsquo;article depuis sa source.<\/a><\/p>\n","protected":false},"excerpt":{"rendered":"<p>La Caisse de D\u00e9p\u00f4t et de Gestion (CDG) a adopt\u00e9\u00a0une nouvelle approche pr\u00e9ventive bas\u00e9e sur le \u00abpass vaccinal\u00bb. Cette d\u00e9cision vient en application de la d\u00e9cision gouvernementale li\u00e9e \u00e0 la gestion de la crise sanitaire et \u00e0 l\u2019instauration du pass vaccinal obligatoire. D\u00e9sormais, la pr\u00e9sentation d&rsquo;un pass vaccinal sera\u00a0obligatoire pour toute personne souhaitant acc\u00e9der \u00e0 [&hellip;]<\/p>\n","protected":false},"author":1763,"featured_media":0,"comment_status":"closed","ping_status":"closed","sticky":false,"template":"","format":"standard","meta":{"fifu_image_url":"","fifu_image_alt":"","footnotes":""},"categories":[78,54],"tags":[],"class_list":["post-130839","post","type-post","status-publish","format-standard","hentry","category-economie","category-maroc"],"_links":{"self":[{"href":"https:\/\/linitiative.ca\/International\/wp-json\/wp\/v2\/posts\/130839","targetHints":{"allow":["GET"]}}],"collection":[{"href":"https:\/\/linitiative.ca\/International\/wp-json\/wp\/v2\/posts"}],"about":[{"href":"https:\/\/linitiative.ca\/International\/wp-json\/wp\/v2\/types\/post"}],"author":[{"embeddable":true,"href":"https:\/\/linitiative.ca\/International\/wp-json\/wp\/v2\/users\/1763"}],"replies":[{"embeddable":true,"href":"https:\/\/linitiative.ca\/International\/wp-json\/wp\/v2\/comments?post=130839"}],"version-history":[{"count":0,"href":"https:\/\/linitiative.ca\/International\/wp-json\/wp\/v2\/posts\/130839\/revisions"}],"wp:attachment":[{"href":"https:\/\/linitiative.ca\/International\/wp-json\/wp\/v2\/media?parent=130839"}],"wp:term":[{"taxonomy":"category","embeddable":true,"href":"https:\/\/linitiative.ca\/International\/wp-json\/wp\/v2\/categories?post=130839"},{"taxonomy":"post_tag","embeddable":true,"href":"https:\/\/linitiative.ca\/International\/wp-json\/wp\/v2\/tags?post=130839"}],"curies":[{"name":"wp","href":"https:\/\/api.w.org\/{rel}","templated":true}]}}