{"id":130849,"date":"2021-10-24T06:35:02","date_gmt":"2021-10-24T10:35:02","guid":{"rendered":"https:\/\/linitiative.ca\/International\/il-a-denonce-la-traque-judiciaire-de-ses-cadres-le-rcd-avertit-contre-la-spoliation-de-la-souverainete-du-peuple\/"},"modified":"2021-10-24T06:35:02","modified_gmt":"2021-10-24T10:35:02","slug":"il-a-denonce-la-traque-judiciaire-de-ses-cadres-le-rcd-avertit-contre-la-spoliation-de-la-souverainete-du-peuple","status":"publish","type":"post","link":"https:\/\/linitiative.ca\/International\/il-a-denonce-la-traque-judiciaire-de-ses-cadres-le-rcd-avertit-contre-la-spoliation-de-la-souverainete-du-peuple\/","title":{"rendered":"Il a d\u00e9nonc\u00e9 la \u00abtraque judiciaire\u00bb de ses cadres : Le RCD avertit contre \u00abla spoliation de la souverainet\u00e9 du peuple\u00bb"},"content":{"rendered":"<div>\n<div class=\"sriret\"><img decoding=\"async\" src=\"https:\/\/linitiative.ca\/International\/wp-content\/uploads\/sites\/23\/2021\/10\/default-picture-709x366_c-53.jpg\"><\/div>\n<p>Le Rassemblement pour la culture et la d\u00e9mocratie (RCD) a vivement d\u00e9nonc\u00e9 la r\u00e9pression qui s\u2019abat sur l\u2019opposition et plus particuli\u00e8rement sur les militants et cadres du parti.<\/p>\n<p>La formation dirig\u00e9e par Mohcine Belabbas a affirm\u00e9, hier, dans un communiqu\u00e9 sanctionnant la r\u00e9union de son secr\u00e9tariat national, que plusieurs de ses cadres et militants sont victimes d\u2019un \u00abacharnement r\u00e9pressif\u00bb et d\u2019une \u00abtraque judiciaire\u00bb.<\/p>\n<p><strong>Retrouvez l\u2019int\u00e9gralit\u00e9 de nos articles sur la version papier<\/strong><\/p>\n<p>\u00a0<\/p>\n<p>L\u2019article <a rel=\"nofollow\" href=\"https:\/\/www.elwatan.com\/edition\/actualite\/il-a-denonce-la-traque-judiciaire-de-ses-cadres-le-rcd-avertit-contre-la-spoliation-de-la-souverainete-du-peuple-24-10-2021\">Il a d\u00e9nonc\u00e9 la \u00abtraque judiciaire\u00bb de ses cadres : Le RCD avertit contre \u00abla spoliation de la souverainet\u00e9 du peuple\u00bb<\/a> est apparu en premier sur <a rel=\"nofollow\" href=\"https:\/\/www.elwatan.com\/\">El Watan<\/a>.<\/p>\n<\/div>\n<p>Auteur: Hicham Chouadria<br \/>\n<a href=\"https:\/\/www.elwatan.com\/edition\/actualite\/il-a-denonce-la-traque-judiciaire-de-ses-cadres-le-rcd-avertit-contre-la-spoliation-de-la-souverainete-du-peuple-24-10-2021\">Cliquez ici pour lire l&rsquo;article depuis sa source.<\/a><\/p>\n","protected":false},"excerpt":{"rendered":"<p>Le Rassemblement pour la culture et la d\u00e9mocratie (RCD) a vivement d\u00e9nonc\u00e9 la r\u00e9pression qui s\u2019abat sur l\u2019opposition et plus particuli\u00e8rement sur les militants et cadres du parti. La formation dirig\u00e9e par Mohcine Belabbas a affirm\u00e9, hier, dans un communiqu\u00e9 sanctionnant la r\u00e9union de son secr\u00e9tariat national, que plusieurs de ses cadres et militants sont [&hellip;]<\/p>\n","protected":false},"author":1743,"featured_media":0,"comment_status":"closed","ping_status":"closed","sticky":false,"template":"","format":"standard","meta":{"fifu_image_url":"https:\/\/www.elwatan.com\/wp-content\/themes\/spectr\/img\/default-picture-709x366_c.jpg","fifu_image_alt":"Il a d\u00e9nonc\u00e9 la \u00abtraque judiciaire\u00bb de ses cadres : Le RCD avertit contre \u00abla spoliation de la souverainet\u00e9 du peuple\u00bb","footnotes":""},"categories":[73,53],"tags":[],"class_list":["post-130849","post","type-post","status-publish","format-standard","hentry","category-actualite","category-algerie"],"_links":{"self":[{"href":"https:\/\/linitiative.ca\/International\/wp-json\/wp\/v2\/posts\/130849","targetHints":{"allow":["GET"]}}],"collection":[{"href":"https:\/\/linitiative.ca\/International\/wp-json\/wp\/v2\/posts"}],"about":[{"href":"https:\/\/linitiative.ca\/International\/wp-json\/wp\/v2\/types\/post"}],"author":[{"embeddable":true,"href":"https:\/\/linitiative.ca\/International\/wp-json\/wp\/v2\/users\/1743"}],"replies":[{"embeddable":true,"href":"https:\/\/linitiative.ca\/International\/wp-json\/wp\/v2\/comments?post=130849"}],"version-history":[{"count":0,"href":"https:\/\/linitiative.ca\/International\/wp-json\/wp\/v2\/posts\/130849\/revisions"}],"wp:attachment":[{"href":"https:\/\/linitiative.ca\/International\/wp-json\/wp\/v2\/media?parent=130849"}],"wp:term":[{"taxonomy":"category","embeddable":true,"href":"https:\/\/linitiative.ca\/International\/wp-json\/wp\/v2\/categories?post=130849"},{"taxonomy":"post_tag","embeddable":true,"href":"https:\/\/linitiative.ca\/International\/wp-json\/wp\/v2\/tags?post=130849"}],"curies":[{"name":"wp","href":"https:\/\/api.w.org\/{rel}","templated":true}]}}