{"id":130851,"date":"2021-10-24T06:38:10","date_gmt":"2021-10-24T10:38:10","guid":{"rendered":"https:\/\/linitiative.ca\/International\/prix-du-journaliste-professionnel-tebboune-preside-la-ceremonie-de-remise-des-distinctions\/"},"modified":"2021-10-24T06:38:10","modified_gmt":"2021-10-24T10:38:10","slug":"prix-du-journaliste-professionnel-tebboune-preside-la-ceremonie-de-remise-des-distinctions","status":"publish","type":"post","link":"https:\/\/linitiative.ca\/International\/prix-du-journaliste-professionnel-tebboune-preside-la-ceremonie-de-remise-des-distinctions\/","title":{"rendered":"Prix du journaliste professionnel : Tebboune pr\u00e9side la c\u00e9r\u00e9monie de remise des distinctions"},"content":{"rendered":"<div>\n<div class=\"sriret\"><img decoding=\"async\" src=\"https:\/\/linitiative.ca\/International\/wp-content\/uploads\/sites\/23\/2021\/10\/default-picture-709x366_c-54.jpg\"><\/div>\n<p>Le pr\u00e9sident Abdelmadjid Tebboune a pr\u00e9sid\u00e9, hier, la c\u00e9r\u00e9monie de distinction des journalistes laur\u00e9ats du \u00abPrix du pr\u00e9sident de la R\u00e9publique du journaliste professionnel\u00bb. La c\u00e9r\u00e9monie s\u2019est d\u00e9roul\u00e9e au Palais du peuple, en pr\u00e9sence de plusieurs hauts responsables et membres du gouvernement.<\/p>\n<p>Au cours de cette c\u00e9r\u00e9monie, qui co\u00efncide avec la Journ\u00e9e nationale de la presse, c\u00e9l\u00e9br\u00e9e le 22 octobre de chaque ann\u00e9e, ont \u00e9t\u00e9 distingu\u00e9s les journalistes laur\u00e9ats de ce Prix qui constitue \u00abune reconnaissance du parcours militant du journaliste alg\u00e9rien durant la Guerre de Lib\u00e9ration nationale et un hommage aux professionnels de la presse nationale, aussi bien \u00e9crite, audiovisuelle qu\u2019\u00e9lectronique, \u00e0 la cons\u00e9cration du droit du citoyen \u00e0 une information objective et cr\u00e9dible\u00bb.<\/p>\n<p><strong>Retrouvez l\u2019int\u00e9gralit\u00e9 de nos articles sur la version papier<\/strong><\/p>\n<p>L\u2019article <a rel=\"nofollow\" href=\"https:\/\/www.elwatan.com\/edition\/actualite\/prix-du-journaliste-professionnel-tebboune-preside-la-ceremonie-de-remise-des-distinctions-24-10-2021\">Prix du journaliste professionnel : Tebboune pr\u00e9side la c\u00e9r\u00e9monie de remise des distinctions<\/a> est apparu en premier sur <a rel=\"nofollow\" href=\"https:\/\/www.elwatan.com\/\">El Watan<\/a>.<\/p>\n<\/div>\n<p>Auteur: Hicham Chouadria<br \/>\n<a href=\"https:\/\/www.elwatan.com\/edition\/actualite\/prix-du-journaliste-professionnel-tebboune-preside-la-ceremonie-de-remise-des-distinctions-24-10-2021\">Cliquez ici pour lire l&rsquo;article depuis sa source.<\/a><\/p>\n","protected":false},"excerpt":{"rendered":"<p>Le pr\u00e9sident Abdelmadjid Tebboune a pr\u00e9sid\u00e9, hier, la c\u00e9r\u00e9monie de distinction des journalistes laur\u00e9ats du \u00abPrix du pr\u00e9sident de la R\u00e9publique du journaliste professionnel\u00bb. La c\u00e9r\u00e9monie s\u2019est d\u00e9roul\u00e9e au Palais du peuple, en pr\u00e9sence de plusieurs hauts responsables et membres du gouvernement. Au cours de cette c\u00e9r\u00e9monie, qui co\u00efncide avec la Journ\u00e9e nationale de la [&hellip;]<\/p>\n","protected":false},"author":1743,"featured_media":0,"comment_status":"closed","ping_status":"closed","sticky":false,"template":"","format":"standard","meta":{"fifu_image_url":"https:\/\/www.elwatan.com\/wp-content\/themes\/spectr\/img\/default-picture-709x366_c.jpg","fifu_image_alt":"Prix du journaliste professionnel : Tebboune pr\u00e9side la c\u00e9r\u00e9monie de remise des distinctions","footnotes":""},"categories":[73,53],"tags":[],"class_list":["post-130851","post","type-post","status-publish","format-standard","hentry","category-actualite","category-algerie"],"_links":{"self":[{"href":"https:\/\/linitiative.ca\/International\/wp-json\/wp\/v2\/posts\/130851","targetHints":{"allow":["GET"]}}],"collection":[{"href":"https:\/\/linitiative.ca\/International\/wp-json\/wp\/v2\/posts"}],"about":[{"href":"https:\/\/linitiative.ca\/International\/wp-json\/wp\/v2\/types\/post"}],"author":[{"embeddable":true,"href":"https:\/\/linitiative.ca\/International\/wp-json\/wp\/v2\/users\/1743"}],"replies":[{"embeddable":true,"href":"https:\/\/linitiative.ca\/International\/wp-json\/wp\/v2\/comments?post=130851"}],"version-history":[{"count":0,"href":"https:\/\/linitiative.ca\/International\/wp-json\/wp\/v2\/posts\/130851\/revisions"}],"wp:attachment":[{"href":"https:\/\/linitiative.ca\/International\/wp-json\/wp\/v2\/media?parent=130851"}],"wp:term":[{"taxonomy":"category","embeddable":true,"href":"https:\/\/linitiative.ca\/International\/wp-json\/wp\/v2\/categories?post=130851"},{"taxonomy":"post_tag","embeddable":true,"href":"https:\/\/linitiative.ca\/International\/wp-json\/wp\/v2\/tags?post=130851"}],"curies":[{"name":"wp","href":"https:\/\/api.w.org\/{rel}","templated":true}]}}