{"id":130853,"date":"2021-10-24T06:40:04","date_gmt":"2021-10-24T10:40:04","guid":{"rendered":"https:\/\/linitiative.ca\/International\/presse-une-profession-en-pleine-incertitude\/"},"modified":"2021-10-24T06:40:04","modified_gmt":"2021-10-24T10:40:04","slug":"presse-une-profession-en-pleine-incertitude","status":"publish","type":"post","link":"https:\/\/linitiative.ca\/International\/presse-une-profession-en-pleine-incertitude\/","title":{"rendered":"Presse\u00a0: Une profession en pleine incertitude"},"content":{"rendered":"<div>\n<div class=\"sriret\"><img loading=\"lazy\" decoding=\"async\" width=\"640\" height=\"428\" src=\"https:\/\/linitiative.ca\/International\/wp-content\/uploads\/sites\/23\/2021\/10\/journaux.jpg\" class=\"attachment-featured_large size-featured_large wp-post-image\" alt=\"\" style=\"margin-bottom: 15px;\" srcset=\"https:\/\/linitiative.ca\/International\/wp-content\/uploads\/sites\/23\/2021\/10\/journaux.jpg 640w, https:\/\/www.elwatan.com\/wp-content\/uploads\/2018\/11\/journaux-300x201.jpg 300w\" sizes=\"auto, (max-width: 640px) 100vw, 640px\"><\/div>\n<p class=\"p1\"><span class=\"s1\"><b>D<\/b><\/span><span class=\"s1\">epuis quelques ann\u00e9es maintenant, une date, le 22 octobre, tente de faire son trou dans le calendrier, sous l\u2019appellation\u00a0: \u00abJourn\u00e9e nationale de la Presse\u00bb. Mais force est de le constater\u00a0: tr\u00e8s peu de confr\u00e8res ont le sentiment que le 22 octobre signifie r\u00e9ellement quelque chose pour eux, rev\u00eat quelque valeur symbolique ou affective. Car, il faut bien le dire\u00a0: le paysage m\u00e9diatique sous nos latitudes est des plus moroses, et la profession \u2013 c\u2019est la v\u00e9rit\u00e9 \u2013 ne fait plus r\u00eaver. Pis encore\u00a0: le m\u00e9tier s\u2019exerce dans un environnement de plus en plus hostile, et cela peut m\u00eame vous conduire \u00e0 la case \u00abprison\u00bb. De nombreux confr\u00e8res l\u2019ont appris \u00e0 leurs d\u00e9pens. <\/span><\/p>\n<p class=\"p1\"><span class=\"s1\">Si les arrestations, les emprisonnements, les placements sous contr\u00f4le judiciaire font d\u00e9sormais partie de la panoplie d\u2019entraves que subit la presse en Alg\u00e9rie, ce n\u2019est que la partie visible, la plus \u00e9mouvante sans doute, de la d\u00e9ch\u00e9ance et de la terrible d\u00e9gradation du m\u00e9tier de journaliste dans notre pays. Car il y a bien des violences cach\u00e9es qui s\u2019abattent en silence sur les travailleurs des m\u00e9dias et les entreprises qui les emploient.\u00a0<\/span><\/p>\n<p><strong>Retrouvez l\u2019inte\u0301gralite\u0301 de nos articles sur la version papier<\/strong><\/p>\n<p>L\u2019article <a rel=\"nofollow\" href=\"https:\/\/www.elwatan.com\/a-la-une\/presse-une-profession-en-pleine-incertitude-24-10-2021\">Presse\u00a0: Une profession en pleine incertitude<\/a> est apparu en premier sur <a rel=\"nofollow\" href=\"https:\/\/www.elwatan.com\/\">El Watan<\/a>.<\/p>\n<\/div>\n<p>Auteur: Hicham Chouadria<br \/>\n<a href=\"https:\/\/www.elwatan.com\/a-la-une\/presse-une-profession-en-pleine-incertitude-24-10-2021\">Cliquez ici pour lire l&rsquo;article depuis sa source.<\/a><\/p>\n","protected":false},"excerpt":{"rendered":"<p>Depuis quelques ann\u00e9es maintenant, une date, le 22 octobre, tente de faire son trou dans le calendrier, sous l\u2019appellation\u00a0: \u00abJourn\u00e9e nationale de la Presse\u00bb. Mais force est de le constater\u00a0: tr\u00e8s peu de confr\u00e8res ont le sentiment que le 22 octobre signifie r\u00e9ellement quelque chose pour eux, rev\u00eat quelque valeur symbolique ou affective. Car, il [&hellip;]<\/p>\n","protected":false},"author":1743,"featured_media":0,"comment_status":"closed","ping_status":"closed","sticky":false,"template":"","format":"standard","meta":{"fifu_image_url":"https:\/\/www.elwatan.com\/wp-content\/uploads\/2018\/11\/journaux.jpg","fifu_image_alt":"Presse\u00a0: Une profession en pleine incertitude","footnotes":""},"categories":[73,53],"tags":[],"class_list":["post-130853","post","type-post","status-publish","format-standard","hentry","category-actualite","category-algerie"],"_links":{"self":[{"href":"https:\/\/linitiative.ca\/International\/wp-json\/wp\/v2\/posts\/130853","targetHints":{"allow":["GET"]}}],"collection":[{"href":"https:\/\/linitiative.ca\/International\/wp-json\/wp\/v2\/posts"}],"about":[{"href":"https:\/\/linitiative.ca\/International\/wp-json\/wp\/v2\/types\/post"}],"author":[{"embeddable":true,"href":"https:\/\/linitiative.ca\/International\/wp-json\/wp\/v2\/users\/1743"}],"replies":[{"embeddable":true,"href":"https:\/\/linitiative.ca\/International\/wp-json\/wp\/v2\/comments?post=130853"}],"version-history":[{"count":0,"href":"https:\/\/linitiative.ca\/International\/wp-json\/wp\/v2\/posts\/130853\/revisions"}],"wp:attachment":[{"href":"https:\/\/linitiative.ca\/International\/wp-json\/wp\/v2\/media?parent=130853"}],"wp:term":[{"taxonomy":"category","embeddable":true,"href":"https:\/\/linitiative.ca\/International\/wp-json\/wp\/v2\/categories?post=130853"},{"taxonomy":"post_tag","embeddable":true,"href":"https:\/\/linitiative.ca\/International\/wp-json\/wp\/v2\/tags?post=130853"}],"curies":[{"name":"wp","href":"https:\/\/api.w.org\/{rel}","templated":true}]}}