{"id":130855,"date":"2021-10-24T07:19:02","date_gmt":"2021-10-24T11:19:02","guid":{"rendered":"https:\/\/linitiative.ca\/International\/intemperies-premieres-victimes-a-mostaganem-et-alger\/"},"modified":"2021-10-24T07:19:02","modified_gmt":"2021-10-24T11:19:02","slug":"intemperies-premieres-victimes-a-mostaganem-et-alger","status":"publish","type":"post","link":"https:\/\/linitiative.ca\/International\/intemperies-premieres-victimes-a-mostaganem-et-alger\/","title":{"rendered":"Intemp\u00e9ries : premi\u00e8res victimes \u00e0 Mostaganem et Alger"},"content":{"rendered":"<div>\n<div class=\"sriret\"><img loading=\"lazy\" decoding=\"async\" width=\"600\" height=\"400\" src=\"https:\/\/linitiative.ca\/International\/wp-content\/uploads\/sites\/23\/2021\/10\/Photo-DR.-Inondations-Bouira-e1577568245533.jpg\" class=\"attachment-featured_large size-featured_large wp-post-image\" alt=\"\" style=\"margin-bottom: 15px;\"><\/div>\n<p>Les intemp\u00e9ries qu\u2019ont connu plusieurs wilayas du pays ont provoqu\u00e9 une premi\u00e8re victime \u00e0 Alger. Une autre a \u00e9galement \u00e9t\u00e9 enregistr\u00e9 \u00e0 Mostaganem \u00e0 la suite d\u2019un accident de la route.<\/p>\n<p>Selon un responsable de la protection civile, qui s\u2019est exprim\u00e9 sur les chaines de t\u00e9l\u00e9visions aujourd\u2019hui, dimanche 24 octobre, le corps d\u2019une femme de 52 ans a \u00e9t\u00e9 retrouv\u00e9 \u00e0 Saoula, dans la capitale, par des \u00e9l\u00e9ments de la protection civile.<\/p>\n<p>Celui d\u2019une deuxi\u00e8me personne est toujours recherch\u00e9, ajoute-t-on de m\u00eame source. Les deux personnes \u00e9taient \u00e0 bords d\u2019un v\u00e9hicule qui a \u00e9t\u00e9 emport\u00e9 par les eaux. A Mostaganem, une personne est d\u00e9c\u00e9d\u00e9e alors que sept autres ont \u00e9t\u00e9 bless\u00e9es dans quatre accidents, indique la direction locale de la protection civile, dans quatre accidents survenus suite \u00e0 ces intemp\u00e9ries.<\/p>\n<p>Le bilan n\u2019est pas d\u00e9finitif bien entendu.<\/p>\n<p style=\"text-align: right;\"><em><strong>R\u00e9daction web<\/strong><\/em><\/p>\n<p>L\u2019article <a rel=\"nofollow\" href=\"https:\/\/www.elwatan.com\/edition\/actualite\/intemperies-premieres-victimes-a-mostaganem-et-alger-24-10-2021\">Intemp\u00e9ries : premi\u00e8res victimes \u00e0 Mostaganem et Alger<\/a> est apparu en premier sur <a rel=\"nofollow\" href=\"https:\/\/www.elwatan.com\/\">El Watan<\/a>.<\/p>\n<\/div>\n<p>Auteur: Mohand Yahiaoui<br \/>\n<a href=\"https:\/\/www.elwatan.com\/edition\/actualite\/intemperies-premieres-victimes-a-mostaganem-et-alger-24-10-2021\">Cliquez ici pour lire l&rsquo;article depuis sa source.<\/a><\/p>\n","protected":false},"excerpt":{"rendered":"<p>Les intemp\u00e9ries qu\u2019ont connu plusieurs wilayas du pays ont provoqu\u00e9 une premi\u00e8re victime \u00e0 Alger. Une autre a \u00e9galement \u00e9t\u00e9 enregistr\u00e9 \u00e0 Mostaganem \u00e0 la suite d\u2019un accident de la route. Selon un responsable de la protection civile, qui s\u2019est exprim\u00e9 sur les chaines de t\u00e9l\u00e9visions aujourd\u2019hui, dimanche 24 octobre, le corps d\u2019une femme de [&hellip;]<\/p>\n","protected":false},"author":1743,"featured_media":0,"comment_status":"closed","ping_status":"closed","sticky":false,"template":"","format":"standard","meta":{"fifu_image_url":"https:\/\/www.elwatan.com\/wp-content\/uploads\/2019\/12\/Photo-DR.-Inondations-Bouira-e1577568245533.jpg","fifu_image_alt":"Intemp\u00e9ries : premi\u00e8res victimes \u00e0 Mostaganem et Alger","footnotes":""},"categories":[73,53],"tags":[],"class_list":["post-130855","post","type-post","status-publish","format-standard","hentry","category-actualite","category-algerie"],"_links":{"self":[{"href":"https:\/\/linitiative.ca\/International\/wp-json\/wp\/v2\/posts\/130855","targetHints":{"allow":["GET"]}}],"collection":[{"href":"https:\/\/linitiative.ca\/International\/wp-json\/wp\/v2\/posts"}],"about":[{"href":"https:\/\/linitiative.ca\/International\/wp-json\/wp\/v2\/types\/post"}],"author":[{"embeddable":true,"href":"https:\/\/linitiative.ca\/International\/wp-json\/wp\/v2\/users\/1743"}],"replies":[{"embeddable":true,"href":"https:\/\/linitiative.ca\/International\/wp-json\/wp\/v2\/comments?post=130855"}],"version-history":[{"count":0,"href":"https:\/\/linitiative.ca\/International\/wp-json\/wp\/v2\/posts\/130855\/revisions"}],"wp:attachment":[{"href":"https:\/\/linitiative.ca\/International\/wp-json\/wp\/v2\/media?parent=130855"}],"wp:term":[{"taxonomy":"category","embeddable":true,"href":"https:\/\/linitiative.ca\/International\/wp-json\/wp\/v2\/categories?post=130855"},{"taxonomy":"post_tag","embeddable":true,"href":"https:\/\/linitiative.ca\/International\/wp-json\/wp\/v2\/tags?post=130855"}],"curies":[{"name":"wp","href":"https:\/\/api.w.org\/{rel}","templated":true}]}}