{"id":130857,"date":"2021-10-24T10:16:17","date_gmt":"2021-10-24T14:16:17","guid":{"rendered":"https:\/\/linitiative.ca\/International\/cour-de-blida-ouverture-du-proces-en-appel-de-hamel-et-berrachdi\/"},"modified":"2021-10-24T10:16:17","modified_gmt":"2021-10-24T14:16:17","slug":"cour-de-blida-ouverture-du-proces-en-appel-de-hamel-et-berrachdi","status":"publish","type":"post","link":"https:\/\/linitiative.ca\/International\/cour-de-blida-ouverture-du-proces-en-appel-de-hamel-et-berrachdi\/","title":{"rendered":"Cour de Blida: ouverture du proc\u00e8s en appel de Hamel et Berrachdi\u00a0"},"content":{"rendered":"<div>\n<div class=\"sriret\"><img loading=\"lazy\" decoding=\"async\" width=\"800\" height=\"622\" src=\"https:\/\/linitiative.ca\/International\/wp-content\/uploads\/sites\/23\/2021\/10\/hamel-1.jpg\" class=\"attachment-featured_large size-featured_large wp-post-image\" alt=\"Abdelghani Hamel\" style=\"margin-bottom: 15px;\" srcset=\"https:\/\/linitiative.ca\/International\/wp-content\/uploads\/sites\/23\/2021\/10\/hamel-1.jpg 800w, https:\/\/www.elwatan.com\/wp-content\/uploads\/2020\/07\/hamel-300x233.jpg 300w, https:\/\/www.elwatan.com\/wp-content\/uploads\/2020\/07\/hamel-768x597.jpg 768w\" sizes=\"auto, (max-width: 800px) 100vw, 800px\"><\/div>\n<p>Le proc\u00e8s en appel de l\u2019ex-Directeur g\u00e9n\u00e9ral de la S\u00fbret\u00e9 nationale (DGSN), Abdelghani Hamel, et de l\u2019ancien chef de la S\u00fbret\u00e9 de wilaya d\u2019Alger, Noureddine Berrachdi, poursuivis pour \u00ab\u00a0abus de fonction\u00a0\u00bb, s\u2019est ouvert dimanche 24 octobre \u00e0 la Cour de justice de Blida.<br \/>\nLe proc\u00e8s se tient apr\u00e8s deux reports successifs, le premier d\u00e9cid\u00e9 en septembre dernier en raison de l\u2019absence de certains t\u00e9moins, principalement l\u2019ancien ministre de la Justice, Tayeb Louh, et le deuxi\u00e8me le 10 octobre, motiv\u00e9 par la non comparution de t\u00e9moins principaux dans l\u2019affaire, dont Kamel Chikhi, dit \u00ab\u00a0El Boucher\u00a0\u00bb en d\u00e9tention dans d\u2019autres affaires et de l\u2019ex-ministre Tayeb Louh, jug\u00e9 la m\u00eame date, dans le tribunal criminel de Dar El Beida (Alger). Le Tribunal de Blida avait condamn\u00e9 Abdelghani Hamel et Noureddine Berrachdi, \u00e0 une peine de quatre (4) ann\u00e9e de prison ferme, assortie d\u2019une amende de \u00e0 100.000 Da chacun dans une affaire d\u2019abus de fonctions en donnant des ordres pour la poursuite d\u2019une enqu\u00eate dans un dossier ne relevant pas du ressort de la S\u00fbret\u00e9 nationale. Le procureur de la R\u00e9publique pr\u00e8s du m\u00eame tribunal avait requis une peine de 12 ann\u00e9es de prison ferme l\u2019encontre de l\u2019ancien DGSN et une peine de 10 ann\u00e9es de prison ferme \u00e0 l\u2019encontre du deuxi\u00e8me accus\u00e9, Berrachdi, ex-chef de la s\u00fbret\u00e9 de wilaya d\u2019Alger. Selon l\u2019arr\u00eat de renvoi, l\u2019ancien chef de la S\u00fbret\u00e9 de wilaya d\u2019Alger a poursuivi les investigations dans une affaire de blanchiment de fonds publics d\u2019une valeur de 125 millions de da, et de financement de groupes terroristes, dans laquelle est accus\u00e9 Kamel Chikhi, dit \u00ab\u00a0El Boucher\u00a0\u00bb, apr\u00e8s son renvoi devant le procureur de la R\u00e9publique. Un fait en violation avec la loi en vigueur.<\/p>\n<p style=\"text-align: right;\">APS<\/p>\n<p>L\u2019article <a rel=\"nofollow\" href=\"https:\/\/www.elwatan.com\/edition\/actualite\/cour-de-blida-ouverture-du-proces-en-appel-de-hamel-et-berrachdi-24-10-2021\">Cour de Blida: ouverture du proc\u00e8s en appel de Hamel et Berrachdi\u00a0<\/a> est apparu en premier sur <a rel=\"nofollow\" href=\"https:\/\/www.elwatan.com\/\">El Watan<\/a>.<\/p>\n<\/div>\n<p>Auteur: Mohand Yahiaoui<br \/>\n<a href=\"https:\/\/www.elwatan.com\/edition\/actualite\/cour-de-blida-ouverture-du-proces-en-appel-de-hamel-et-berrachdi-24-10-2021\">Cliquez ici pour lire l&rsquo;article depuis sa source.<\/a><\/p>\n","protected":false},"excerpt":{"rendered":"<p>Le proc\u00e8s en appel de l\u2019ex-Directeur g\u00e9n\u00e9ral de la S\u00fbret\u00e9 nationale (DGSN), Abdelghani Hamel, et de l\u2019ancien chef de la S\u00fbret\u00e9 de wilaya d\u2019Alger, Noureddine Berrachdi, poursuivis pour \u00ab\u00a0abus de fonction\u00a0\u00bb, s\u2019est ouvert dimanche 24 octobre \u00e0 la Cour de justice de Blida. Le proc\u00e8s se tient apr\u00e8s deux reports successifs, le premier d\u00e9cid\u00e9 en [&hellip;]<\/p>\n","protected":false},"author":1743,"featured_media":0,"comment_status":"closed","ping_status":"closed","sticky":false,"template":"","format":"standard","meta":{"fifu_image_url":"https:\/\/www.elwatan.com\/wp-content\/uploads\/2020\/07\/hamel.jpg","fifu_image_alt":"Cour de Blida: ouverture du proc\u00e8s en appel de Hamel et Berrachdi\u00a0","footnotes":""},"categories":[73,53],"tags":[],"class_list":["post-130857","post","type-post","status-publish","format-standard","hentry","category-actualite","category-algerie"],"_links":{"self":[{"href":"https:\/\/linitiative.ca\/International\/wp-json\/wp\/v2\/posts\/130857","targetHints":{"allow":["GET"]}}],"collection":[{"href":"https:\/\/linitiative.ca\/International\/wp-json\/wp\/v2\/posts"}],"about":[{"href":"https:\/\/linitiative.ca\/International\/wp-json\/wp\/v2\/types\/post"}],"author":[{"embeddable":true,"href":"https:\/\/linitiative.ca\/International\/wp-json\/wp\/v2\/users\/1743"}],"replies":[{"embeddable":true,"href":"https:\/\/linitiative.ca\/International\/wp-json\/wp\/v2\/comments?post=130857"}],"version-history":[{"count":0,"href":"https:\/\/linitiative.ca\/International\/wp-json\/wp\/v2\/posts\/130857\/revisions"}],"wp:attachment":[{"href":"https:\/\/linitiative.ca\/International\/wp-json\/wp\/v2\/media?parent=130857"}],"wp:term":[{"taxonomy":"category","embeddable":true,"href":"https:\/\/linitiative.ca\/International\/wp-json\/wp\/v2\/categories?post=130857"},{"taxonomy":"post_tag","embeddable":true,"href":"https:\/\/linitiative.ca\/International\/wp-json\/wp\/v2\/tags?post=130857"}],"curies":[{"name":"wp","href":"https:\/\/api.w.org\/{rel}","templated":true}]}}