{"id":130886,"date":"2021-10-23T19:18:01","date_gmt":"2021-10-23T23:18:01","guid":{"rendered":"https:\/\/linitiative.ca\/International\/le-maroc-renonce-a-abriter-lassemblee-generale-de-lorganisation-mondiale-du-tourisme\/"},"modified":"2021-10-23T19:18:01","modified_gmt":"2021-10-23T23:18:01","slug":"le-maroc-renonce-a-abriter-lassemblee-generale-de-lorganisation-mondiale-du-tourisme","status":"publish","type":"post","link":"https:\/\/linitiative.ca\/International\/le-maroc-renonce-a-abriter-lassemblee-generale-de-lorganisation-mondiale-du-tourisme\/","title":{"rendered":"Le Maroc renonce \u00e0 abriter l\u2019assembl\u00e9e g\u00e9n\u00e9rale de l\u2019Organisation mondiale du tourisme"},"content":{"rendered":"<div>\n<p><img loading=\"lazy\" decoding=\"async\" width=\"265\" height=\"190\" src=\"https:\/\/linitiative.ca\/International\/wp-content\/uploads\/sites\/23\/2021\/10\/16350310825491.jpg\" class=\"attachment-post-thumbnail size-post-thumbnail wp-post-image\" alt=\"\"><\/p>\n<p>Le Maroc a renonc\u00e9 \u00e0 abriter l&rsquo;assembl\u00e9e g\u00e9n\u00e9rale de l&rsquo;Organisation mondiale du tourisme (OMT), initialement pr\u00e9vue du 30 novembre au 3 d\u00e9cembre 2021 \u00e0 Marrakech, en raison de la situation \u00e9pid\u00e9miologique mondiale qui ne permet pas de garantir les conditions de s\u00e9curit\u00e9 sanitaire des participants.\u00ab Le gouvernement du Maroc a inform\u00e9 le secr\u00e9tariat de l&rsquo;OMT que l&rsquo;\u00e9volution de la situation mondiale actuelle, li\u00e9e \u00e0 la pand\u00e9mie de Covid-19, ne permet pas la tenue de la 24e session de l&rsquo;AG \u00e0 Marrakech 2021 aux dates convenues, du 30 novembre au 3 d\u00e9cembre, dans des conditions garantissant les conditions de sant\u00e9 et de s\u00e9curit\u00e9 n\u00e9cessaires aux participants \u00bb, explique un courriel adress\u00e9 ce samedi aux membres de l&rsquo;OMT.<\/p>\n<p>Ainsi, poursuit la m\u00eame source, en vue de garantir la continuit\u00e9 des activit\u00e9s de l&rsquo;organisation pour la p\u00e9riode 2022-2023 et le bon fonctionnement de ses organes, conform\u00e9ment aux statuts, et apr\u00e8s consultation du pr\u00e9sident du conseil ex\u00e9cutif et du gouvernement espagnol, la 24e session de l&rsquo;AG et la 43e session pl\u00e9ni\u00e8re des membres affili\u00e9s se tiendront au si\u00e8ge de l&rsquo;organisation \u00e0 Madrid, aux m\u00eames dates.<\/p>\n<p>Pour rappel, le Maroc avait \u00e9t\u00e9 \u00e9lu pour abriter \u00e0 Marrakech en 2021, cette 24e session de l&rsquo;AG de l&rsquo;OMT. L&rsquo;\u00e9lection avait eu lieu lors de la 23e session de ladite assembl\u00e9e qui s&rsquo;est tenue du 9 au 13 septembre 2019 \u00e0 Saint-P\u00e9tersbourg en Russie.<\/p>\n<p>Cet article <a rel=\"nofollow\" href=\"https:\/\/www.journalducameroun.com\/le-maroc-renonce-a-abriter-lassemblee-generale-de-lorganisation-mondiale-du-tourisme\/\">Le Maroc renonce \u00e0 abriter l\u2019assembl\u00e9e g\u00e9n\u00e9rale de l\u2019Organisation mondiale du tourisme<\/a> est apparu en premier sur <a rel=\"nofollow\" href=\"https:\/\/www.journalducameroun.com\/\">Journal du Cameroun<\/a>.<\/p>\n<\/div>\n<p>Auteur: APA News<br \/>\n<a href=\"https:\/\/www.journalducameroun.com\/le-maroc-renonce-a-abriter-lassemblee-generale-de-lorganisation-mondiale-du-tourisme\/\">Cliquez ici pour lire l&rsquo;article depuis sa source.<\/a><\/p>\n","protected":false},"excerpt":{"rendered":"<p>Le Maroc a renonc\u00e9 \u00e0 abriter l&rsquo;assembl\u00e9e g\u00e9n\u00e9rale de l&rsquo;Organisation mondiale du tourisme (OMT), initialement pr\u00e9vue du 30 novembre au 3 d\u00e9cembre 2021 \u00e0 Marrakech, en raison de la situation \u00e9pid\u00e9miologique mondiale qui ne permet pas de garantir les conditions de s\u00e9curit\u00e9 sanitaire des participants.\u00ab Le gouvernement du Maroc a inform\u00e9 le secr\u00e9tariat de l&rsquo;OMT [&hellip;]<\/p>\n","protected":false},"author":1965,"featured_media":0,"comment_status":"closed","ping_status":"closed","sticky":false,"template":"","format":"standard","meta":{"fifu_image_url":"https:\/\/www.journalducameroun.com\/wp-content\/uploads\/2021\/10\/16350310825491.jpg","fifu_image_alt":"Le Maroc renonce \u00e0 abriter l\u2019assembl\u00e9e g\u00e9n\u00e9rale de l\u2019Organisation mondiale du tourisme","footnotes":""},"categories":[73,82],"tags":[],"class_list":["post-130886","post","type-post","status-publish","format-standard","hentry","category-actualite","category-cameroun"],"_links":{"self":[{"href":"https:\/\/linitiative.ca\/International\/wp-json\/wp\/v2\/posts\/130886","targetHints":{"allow":["GET"]}}],"collection":[{"href":"https:\/\/linitiative.ca\/International\/wp-json\/wp\/v2\/posts"}],"about":[{"href":"https:\/\/linitiative.ca\/International\/wp-json\/wp\/v2\/types\/post"}],"author":[{"embeddable":true,"href":"https:\/\/linitiative.ca\/International\/wp-json\/wp\/v2\/users\/1965"}],"replies":[{"embeddable":true,"href":"https:\/\/linitiative.ca\/International\/wp-json\/wp\/v2\/comments?post=130886"}],"version-history":[{"count":0,"href":"https:\/\/linitiative.ca\/International\/wp-json\/wp\/v2\/posts\/130886\/revisions"}],"wp:attachment":[{"href":"https:\/\/linitiative.ca\/International\/wp-json\/wp\/v2\/media?parent=130886"}],"wp:term":[{"taxonomy":"category","embeddable":true,"href":"https:\/\/linitiative.ca\/International\/wp-json\/wp\/v2\/categories?post=130886"},{"taxonomy":"post_tag","embeddable":true,"href":"https:\/\/linitiative.ca\/International\/wp-json\/wp\/v2\/tags?post=130886"}],"curies":[{"name":"wp","href":"https:\/\/api.w.org\/{rel}","templated":true}]}}