{"id":130913,"date":"2021-10-25T10:23:43","date_gmt":"2021-10-25T14:23:43","guid":{"rendered":"https:\/\/linitiative.ca\/International\/mise-en-echec-dune-tentative-dimmigration-clandestine-a-nador-et-melillia\/"},"modified":"2021-10-25T10:23:43","modified_gmt":"2021-10-25T14:23:43","slug":"mise-en-echec-dune-tentative-dimmigration-clandestine-a-nador-et-melillia","status":"publish","type":"post","link":"https:\/\/linitiative.ca\/International\/mise-en-echec-dune-tentative-dimmigration-clandestine-a-nador-et-melillia\/","title":{"rendered":"Mise en \u00e9chec d\u2019une tentative d\u2019immigration clandestine \u00e0 Nador et Melillia"},"content":{"rendered":"<div>\n<div style=\"margin-bottom:20px;\"><img loading=\"lazy\" decoding=\"async\" width=\"750\" height=\"430\" src=\"https:\/\/linitiative.ca\/International\/wp-content\/uploads\/sites\/23\/2021\/10\/SiC3A8ge-de-la-DGSN-750C397430-1.jpg\" class=\"attachment-post-thumbnail size-post-thumbnail wp-post-image\" alt=\"\" srcset=\"https:\/\/linitiative.ca\/International\/wp-content\/uploads\/sites\/23\/2021\/10\/SiC3A8ge-de-la-DGSN-750C397430-1.jpg 750w, http:\/\/www.mapoujda.ma\/map\/uploads\/2021\/10\/Si\u00e8ge-de-la-DGSN-750\u00d7430-300x172.jpg 300w\" sizes=\"auto, (max-width: 750px) 100vw, 750px\"><\/div>\n<p style=\"text-align: justify;\">Les \u00e9l\u00e9ments de la brigade de la police judiciaire de Nador, en \u00e9troite coordination avec la Direction g\u00e9n\u00e9rale de la surveillance du territoire (DGST), ont mis en \u00e9chec, dimanche soir, un plan d\u2019immigration clandestine, \u00e0 travers l\u2019escalade de la cl\u00f4ture en fer entre Nador et Melillia.<\/p>\n<p style=\"text-align: justify;\">Les recherches et investigations men\u00e9es sur cette affaire ont permis l\u2019interpellation de sept candidats \u00e0 l\u2019immigration clandestine, dont six Soudanais et un Burkinab\u00e9, imm\u00e9diatement apr\u00e8s leur arriv\u00e9e \u00e0 Nador, munis d\u2019outils en fer sp\u00e9cialement confectionn\u00e9s pour l\u2019escalade de la cl\u00f4ture, indique lundi un communiqu\u00e9 de la DGSN.<\/p>\n<p style=\"text-align: justify;\">Dans le cadre de l\u2019enqu\u00eate, poursuit le communiqu\u00e9, la police judiciaire de Nador a interpell\u00e9, en coordination avec son homologue d\u2019Oujda, 24 candidats suppl\u00e9mentaires de diff\u00e9rentes nationalit\u00e9s (Soudan, Tchad et Guin\u00e9e Conakry), qui s\u2019appr\u00eataient \u00e0 se rendre \u00e0 Nador pour prendre part \u00e0 l\u2019op\u00e9ration de l\u2019escalade de la cl\u00f4ture frontali\u00e8re en utilisant des \u00e9quipements similaires.<\/p>\n<p style=\"text-align: justify;\">La m\u00eame source pr\u00e9cise que les investigations toujours en cours sur cette affaire ont permis d\u2019appr\u00e9hender le propri\u00e9taire d\u2019un local de ferronnerie pour son implication dans la confection des outils d\u2019escalade dont il connaissait l\u2019usage \u00e0 des fins de migration clandestine, ainsi que du propri\u00e9taire d\u2019une maison qui abritait les candidats \u00e0 l\u2019immigration ill\u00e9gale.<\/p>\n<p style=\"text-align: justify;\">Les pr\u00e9venus ont \u00e9t\u00e9 plac\u00e9s en garde \u00e0 vue \u00e0 la disposition de l\u2019enqu\u00eate men\u00e9e sous la supervision du parquet comp\u00e9tent pour \u00e9lucider les \u00e9ventuelles ramifications de cette activit\u00e9 criminelle et appr\u00e9hender tous les suspects impliqu\u00e9s dans les op\u00e9rations d\u2019immigration clandestine en lien avec cette affaire.<\/p>\n<p>L\u2019article <a rel=\"nofollow\" href=\"http:\/\/www.mapoujda.ma\/fr\/mise-en-echec-dune-tentative-dimmigration-clandestine-par-lescalade-de-la-cloture-entre-nador-et-melillia\/\">Mise en \u00e9chec d\u2019une tentative d\u2019immigration clandestine \u00e0 Nador et Melillia<\/a> est apparu en premier sur <a rel=\"nofollow\" href=\"http:\/\/www.mapoujda.ma\/fr\">MapOujda<\/a>.<\/p>\n<\/div>\n<p>Auteur: Soufiane ELAHMAR<br \/>\n<a href=\"http:\/\/www.mapoujda.ma\/fr\/mise-en-echec-dune-tentative-dimmigration-clandestine-par-lescalade-de-la-cloture-entre-nador-et-melillia\/\">Cliquez ici pour lire l&rsquo;article depuis sa source.<\/a><\/p>\n","protected":false},"excerpt":{"rendered":"<p>Les \u00e9l\u00e9ments de la brigade de la police judiciaire de Nador, en \u00e9troite coordination avec la Direction g\u00e9n\u00e9rale de la surveillance du territoire (DGST), ont mis en \u00e9chec, dimanche soir, un plan d\u2019immigration clandestine, \u00e0 travers l\u2019escalade de la cl\u00f4ture en fer entre Nador et Melillia. Les recherches et investigations men\u00e9es sur cette affaire ont [&hellip;]<\/p>\n","protected":false},"author":1788,"featured_media":0,"comment_status":"closed","ping_status":"closed","sticky":false,"template":"","format":"standard","meta":{"fifu_image_url":"http:\/\/www.mapoujda.ma\/map\/uploads\/2021\/10\/Si\u00e8ge-de-la-DGSN-750\u00d7430.jpg","fifu_image_alt":"Mise en \u00e9chec d\u2019une tentative d\u2019immigration clandestine \u00e0 Nador et Melillia","footnotes":""},"categories":[54,76],"tags":[],"class_list":["post-130913","post","type-post","status-publish","format-standard","hentry","category-maroc","category-regions"],"_links":{"self":[{"href":"https:\/\/linitiative.ca\/International\/wp-json\/wp\/v2\/posts\/130913","targetHints":{"allow":["GET"]}}],"collection":[{"href":"https:\/\/linitiative.ca\/International\/wp-json\/wp\/v2\/posts"}],"about":[{"href":"https:\/\/linitiative.ca\/International\/wp-json\/wp\/v2\/types\/post"}],"author":[{"embeddable":true,"href":"https:\/\/linitiative.ca\/International\/wp-json\/wp\/v2\/users\/1788"}],"replies":[{"embeddable":true,"href":"https:\/\/linitiative.ca\/International\/wp-json\/wp\/v2\/comments?post=130913"}],"version-history":[{"count":0,"href":"https:\/\/linitiative.ca\/International\/wp-json\/wp\/v2\/posts\/130913\/revisions"}],"wp:attachment":[{"href":"https:\/\/linitiative.ca\/International\/wp-json\/wp\/v2\/media?parent=130913"}],"wp:term":[{"taxonomy":"category","embeddable":true,"href":"https:\/\/linitiative.ca\/International\/wp-json\/wp\/v2\/categories?post=130913"},{"taxonomy":"post_tag","embeddable":true,"href":"https:\/\/linitiative.ca\/International\/wp-json\/wp\/v2\/tags?post=130913"}],"curies":[{"name":"wp","href":"https:\/\/api.w.org\/{rel}","templated":true}]}}