{"id":130915,"date":"2021-10-25T10:36:18","date_gmt":"2021-10-25T14:36:18","guid":{"rendered":"https:\/\/linitiative.ca\/International\/accueille-avec-satisfaction-laffluence-vers-les-centres-de-vaccination\/"},"modified":"2021-10-25T10:36:18","modified_gmt":"2021-10-25T14:36:18","slug":"accueille-avec-satisfaction-laffluence-vers-les-centres-de-vaccination","status":"publish","type":"post","link":"https:\/\/linitiative.ca\/International\/accueille-avec-satisfaction-laffluence-vers-les-centres-de-vaccination\/","title":{"rendered":"Accueille avec satisfaction l\u2019affluence vers les centres de vaccination"},"content":{"rendered":"<div>\n<div style=\"margin-bottom:20px;\"><img loading=\"lazy\" decoding=\"async\" width=\"750\" height=\"430\" src=\"https:\/\/linitiative.ca\/International\/wp-content\/uploads\/sites\/23\/2021\/10\/Centre-de-vaccination-anti-covid-19-750C397430.jpg\" class=\"attachment-post-thumbnail size-post-thumbnail wp-post-image\" alt=\"\" srcset=\"https:\/\/linitiative.ca\/International\/wp-content\/uploads\/sites\/23\/2021\/10\/Centre-de-vaccination-anti-covid-19-750C397430.jpg 750w, http:\/\/www.mapoujda.ma\/map\/uploads\/2021\/10\/Centre-de-vaccination-anti-covid-19-750\u00d7430-300x172.jpg 300w\" sizes=\"auto, (max-width: 750px) 100vw, 750px\"><\/div>\n<p style=\"text-align: justify;\">Le gouvernement a accueilli avec satisfaction la grande affluence vers les centres de vaccination suite \u00e0 l\u2019adoption de la nouvelle d\u00e9marche pr\u00e9ventive bas\u00e9e sur le pass vaccinal, assurant que la r\u00e9alisation de l\u2019immunit\u00e9 collective et le retour \u00e0 la vie normale sont tributaires de la participation massive de tous \u00e0 cet effort national.<\/p>\n<p style=\"text-align: justify;\">\u00ab\u00a0Suite \u00e0 l\u2019op\u00e9rationnalisation de la nouvelle d\u00e9marche pr\u00e9ventive bas\u00e9e sur l\u2019adoption du pass vaccinal comme document essentiel de d\u00e9placement, le gouvernement salue la grande adh\u00e9sion des citoyennes et citoyens ayant r\u00e9pondu \u00e0 cet appel national, et se sont engag\u00e9s massivement dans la campagne nationale de vaccination contre le nouveau coronavirus\u00a0\u00bb, indique un communiqu\u00e9 du D\u00e9partement du Chef du gouvernement.<\/p>\n<p style=\"text-align: justify;\">En vue de faciliter cette op\u00e9ration, poursuit le communiqu\u00e9, \u00ab\u00a0le gouvernement informe les citoyennes et citoyens ayant re\u00e7u la premi\u00e8re dose du vaccin contre le Covid-19 qu\u2019ils ont la possibilit\u00e9 d\u2019obtenir un pass vaccinal provisoire, afin de b\u00e9n\u00e9ficier de certains avantages garantis par le pass vaccinal d\u00e9finitif et d\u2019am\u00e9liorer l\u2019acc\u00e8s \u00e0 nombre de services et prestations\u00a0\u00bb.<\/p>\n<p style=\"text-align: justify;\">Le gouvernement a appel\u00e9 les citoyennes et citoyens ayant re\u00e7u la premi\u00e8re dose \u00e0 continuer \u00e0 observer strictement les mesures pr\u00e9ventives, et \u00e0 prendre toutes les pr\u00e9cautions, surtout lors de l\u2019acc\u00e8s aux lieux publics, et ce jusqu\u2019\u00e0 la prise de la deuxi\u00e8me dose du vaccin.<\/p>\n<p style=\"text-align: justify;\">Le gouvernement a relev\u00e9 que la r\u00e9alisation de l\u2019immunit\u00e9 collective et la garantie d\u2019un retour \u00e0 la vie normale d\u00e9pend essentiellement de la vaccination de toutes les cat\u00e9gories cibles, exhortant dans ce sens l\u2019ensemble des citoyennes et citoyens \u00e0 prendre rapidement la premi\u00e8re, ou la deuxi\u00e8me ou la troisi\u00e8me dose du vaccin, selon les cas, dans le centre de vaccination le plus proche.<\/p>\n<p>L\u2019article <a rel=\"nofollow\" href=\"http:\/\/www.mapoujda.ma\/fr\/accueille-avec-satisfaction-laffluence-vers-les-centres-de-vaccination\/\">Accueille avec satisfaction l\u2019affluence vers les centres de vaccination<\/a> est apparu en premier sur <a rel=\"nofollow\" href=\"http:\/\/www.mapoujda.ma\/fr\">MapOujda<\/a>.<\/p>\n<\/div>\n<p>Auteur: Soufiane ELAHMAR<br \/>\n<a href=\"http:\/\/www.mapoujda.ma\/fr\/accueille-avec-satisfaction-laffluence-vers-les-centres-de-vaccination\/\">Cliquez ici pour lire l&rsquo;article depuis sa source.<\/a><\/p>\n","protected":false},"excerpt":{"rendered":"<p>Le gouvernement a accueilli avec satisfaction la grande affluence vers les centres de vaccination suite \u00e0 l\u2019adoption de la nouvelle d\u00e9marche pr\u00e9ventive bas\u00e9e sur le pass vaccinal, assurant que la r\u00e9alisation de l\u2019immunit\u00e9 collective et le retour \u00e0 la vie normale sont tributaires de la participation massive de tous \u00e0 cet effort national. \u00ab\u00a0Suite \u00e0 [&hellip;]<\/p>\n","protected":false},"author":1788,"featured_media":0,"comment_status":"closed","ping_status":"closed","sticky":false,"template":"","format":"standard","meta":{"fifu_image_url":"http:\/\/www.mapoujda.ma\/map\/uploads\/2021\/10\/Centre-de-vaccination-anti-covid-19-750\u00d7430.jpg","fifu_image_alt":"Accueille avec satisfaction l\u2019affluence vers les centres de vaccination","footnotes":""},"categories":[54,76],"tags":[],"class_list":["post-130915","post","type-post","status-publish","format-standard","hentry","category-maroc","category-regions"],"_links":{"self":[{"href":"https:\/\/linitiative.ca\/International\/wp-json\/wp\/v2\/posts\/130915","targetHints":{"allow":["GET"]}}],"collection":[{"href":"https:\/\/linitiative.ca\/International\/wp-json\/wp\/v2\/posts"}],"about":[{"href":"https:\/\/linitiative.ca\/International\/wp-json\/wp\/v2\/types\/post"}],"author":[{"embeddable":true,"href":"https:\/\/linitiative.ca\/International\/wp-json\/wp\/v2\/users\/1788"}],"replies":[{"embeddable":true,"href":"https:\/\/linitiative.ca\/International\/wp-json\/wp\/v2\/comments?post=130915"}],"version-history":[{"count":0,"href":"https:\/\/linitiative.ca\/International\/wp-json\/wp\/v2\/posts\/130915\/revisions"}],"wp:attachment":[{"href":"https:\/\/linitiative.ca\/International\/wp-json\/wp\/v2\/media?parent=130915"}],"wp:term":[{"taxonomy":"category","embeddable":true,"href":"https:\/\/linitiative.ca\/International\/wp-json\/wp\/v2\/categories?post=130915"},{"taxonomy":"post_tag","embeddable":true,"href":"https:\/\/linitiative.ca\/International\/wp-json\/wp\/v2\/tags?post=130915"}],"curies":[{"name":"wp","href":"https:\/\/api.w.org\/{rel}","templated":true}]}}