{"id":130933,"date":"2021-10-25T06:54:27","date_gmt":"2021-10-25T10:54:27","guid":{"rendered":"https:\/\/linitiative.ca\/International\/tribunal-de-sidi-mhamed-report-au-15-novembre-du-proces-de-lancien-ministre-mohamed-hattab\/"},"modified":"2021-10-25T06:54:27","modified_gmt":"2021-10-25T10:54:27","slug":"tribunal-de-sidi-mhamed-report-au-15-novembre-du-proces-de-lancien-ministre-mohamed-hattab","status":"publish","type":"post","link":"https:\/\/linitiative.ca\/International\/tribunal-de-sidi-mhamed-report-au-15-novembre-du-proces-de-lancien-ministre-mohamed-hattab\/","title":{"rendered":"Tribunal de Sidi M\u2019hamed : report au 15 novembre du proc\u00e8s de l\u2019ancien ministre Mohamed Hattab\u00a0"},"content":{"rendered":"<div>\n<div class=\"sriret\"><img loading=\"lazy\" decoding=\"async\" width=\"600\" height=\"465\" src=\"https:\/\/linitiative.ca\/International\/wp-content\/uploads\/sites\/23\/2021\/10\/H.-lyes-e1545890394308.jpg\" class=\"attachment-featured_large size-featured_large wp-post-image\" alt=\"\" style=\"margin-bottom: 15px;\"><\/div>\n<p>Le P\u00f4le p\u00e9nal sp\u00e9cialis\u00e9 dans la lutte contre le crime financier et \u00e9conomique pr\u00e8s le tribunal de Sidi M\u2019hamed (Alger) a report\u00e9, lundi au 15 novembre prochain, le proc\u00e8s de l\u2019ancien ministre de la Jeunesse et des sports, Mohamed Hattab.<\/p>\n<p>Ce report fait suite \u00e0 la demande du collectif de d\u00e9fense. Mohamed Hattab est poursuivi pour \u00ab\u00a0dilapidation de deniers publics, abus de fonction et octroi d\u2019indus avantages\u00a0\u00bb alors qu\u2019il \u00e9tait wali de Mostaganem.<\/p>\n<p style=\"text-align: right;\">APS<\/p>\n<p>L\u2019article <a rel=\"nofollow\" href=\"https:\/\/www.elwatan.com\/edition\/actualite\/tribunal-de-sidi-mhamed-report-au-15-novembre-du-proces-de-lancien-ministre-mohamed-hattab-25-10-2021\">Tribunal de Sidi M\u2019hamed : report au 15 novembre du proc\u00e8s de l\u2019ancien ministre Mohamed Hattab\u00a0<\/a> est apparu en premier sur <a rel=\"nofollow\" href=\"https:\/\/www.elwatan.com\/\">El Watan<\/a>.<\/p>\n<\/div>\n<p>Auteur: Mohand Yahiaoui<br \/>\n<a href=\"https:\/\/www.elwatan.com\/edition\/actualite\/tribunal-de-sidi-mhamed-report-au-15-novembre-du-proces-de-lancien-ministre-mohamed-hattab-25-10-2021\">Cliquez ici pour lire l&rsquo;article depuis sa source.<\/a><\/p>\n","protected":false},"excerpt":{"rendered":"<p>Le P\u00f4le p\u00e9nal sp\u00e9cialis\u00e9 dans la lutte contre le crime financier et \u00e9conomique pr\u00e8s le tribunal de Sidi M\u2019hamed (Alger) a report\u00e9, lundi au 15 novembre prochain, le proc\u00e8s de l\u2019ancien ministre de la Jeunesse et des sports, Mohamed Hattab. Ce report fait suite \u00e0 la demande du collectif de d\u00e9fense. Mohamed Hattab est poursuivi [&hellip;]<\/p>\n","protected":false},"author":1743,"featured_media":0,"comment_status":"closed","ping_status":"closed","sticky":false,"template":"","format":"standard","meta":{"fifu_image_url":"https:\/\/www.elwatan.com\/wp-content\/uploads\/2018\/12\/H.-lyes-e1545890394308.jpg","fifu_image_alt":"Tribunal de Sidi M\u2019hamed : report au 15 novembre du proc\u00e8s de l\u2019ancien ministre Mohamed Hattab\u00a0","footnotes":""},"categories":[73,53],"tags":[],"class_list":["post-130933","post","type-post","status-publish","format-standard","hentry","category-actualite","category-algerie"],"_links":{"self":[{"href":"https:\/\/linitiative.ca\/International\/wp-json\/wp\/v2\/posts\/130933","targetHints":{"allow":["GET"]}}],"collection":[{"href":"https:\/\/linitiative.ca\/International\/wp-json\/wp\/v2\/posts"}],"about":[{"href":"https:\/\/linitiative.ca\/International\/wp-json\/wp\/v2\/types\/post"}],"author":[{"embeddable":true,"href":"https:\/\/linitiative.ca\/International\/wp-json\/wp\/v2\/users\/1743"}],"replies":[{"embeddable":true,"href":"https:\/\/linitiative.ca\/International\/wp-json\/wp\/v2\/comments?post=130933"}],"version-history":[{"count":0,"href":"https:\/\/linitiative.ca\/International\/wp-json\/wp\/v2\/posts\/130933\/revisions"}],"wp:attachment":[{"href":"https:\/\/linitiative.ca\/International\/wp-json\/wp\/v2\/media?parent=130933"}],"wp:term":[{"taxonomy":"category","embeddable":true,"href":"https:\/\/linitiative.ca\/International\/wp-json\/wp\/v2\/categories?post=130933"},{"taxonomy":"post_tag","embeddable":true,"href":"https:\/\/linitiative.ca\/International\/wp-json\/wp\/v2\/tags?post=130933"}],"curies":[{"name":"wp","href":"https:\/\/api.w.org\/{rel}","templated":true}]}}