{"id":130937,"date":"2021-10-25T07:03:19","date_gmt":"2021-10-25T11:03:19","guid":{"rendered":"https:\/\/linitiative.ca\/International\/affaire-condor-le-proces-reporte-au-8-novembre-prochain\/"},"modified":"2021-10-25T07:03:19","modified_gmt":"2021-10-25T11:03:19","slug":"affaire-condor-le-proces-reporte-au-8-novembre-prochain","status":"publish","type":"post","link":"https:\/\/linitiative.ca\/International\/affaire-condor-le-proces-reporte-au-8-novembre-prochain\/","title":{"rendered":"Affaire Condor : Le proc\u00e8s report\u00e9 au 8 novembre prochain"},"content":{"rendered":"<div>\n<div class=\"sriret\"><img loading=\"lazy\" decoding=\"async\" width=\"1280\" height=\"720\" src=\"https:\/\/linitiative.ca\/International\/wp-content\/uploads\/sites\/23\/2021\/10\/condor-...ifa_.jpg\" class=\"attachment-featured_large size-featured_large wp-post-image\" alt=\"\" style=\"margin-bottom: 15px;\" srcset=\"https:\/\/linitiative.ca\/International\/wp-content\/uploads\/sites\/23\/2021\/10\/condor-...ifa_.jpg 1280w, https:\/\/www.elwatan.com\/wp-content\/uploads\/2018\/09\/condor-...ifa_-300x169.jpg 300w, https:\/\/www.elwatan.com\/wp-content\/uploads\/2018\/09\/condor-...ifa_-768x432.jpg 768w, https:\/\/www.elwatan.com\/wp-content\/uploads\/2018\/09\/condor-...ifa_-1024x576.jpg 1024w\" sizes=\"auto, (max-width: 1280px) 100vw, 1280px\"><\/div>\n<p>Le p\u00f4le p\u00e9nal financier et \u00e9conomique pr\u00e8s le tribunal de Sidi M\u2019hamed (Cour d\u2019Alger) a report\u00e9 lundi 25 octobre le proc\u00e8s des propri\u00e9taires du groupe Condor, en l\u2019occurrence les fr\u00e8res Benhamadi, au 8 novembre prochain sur demande de la D\u00e9fense.<\/p>\n<p>Les propri\u00e9taires du groupe et les coaccus\u00e9s sont poursuivis pour notamment \u00ab\u00a0blanchiment d\u2019argent et dilapidation de deniers publics, incitation de fonctionnaires publics de diff\u00e9rents secteurs et b\u00e9n\u00e9fice de leur pouvoir pour l\u2019obtention d\u2019indus avantages, et financement occulte de partis politiques\u00a0\u00bb.<\/p>\n<p>En sus des fr\u00e8res Benhamadi, sont impliqu\u00e9s dans cette affaire des cadres de plusieurs secteurs, \u00e0 l\u2019instar de la Poste et des t\u00e9l\u00e9communications, la Sant\u00e9, les Transports et la Banque ext\u00e9rieure d\u2019Alg\u00e9rie (BEA).<\/p>\n<p style=\"text-align: right;\"><em><strong>APS<\/strong><\/em><\/p>\n<p>L\u2019article <a rel=\"nofollow\" href=\"https:\/\/www.elwatan.com\/edition\/actualite\/affaire-condor-le-proces-reporte-au-8-novembre-prochain-25-10-2021\">Affaire Condor : Le proc\u00e8s report\u00e9 au 8 novembre prochain<\/a> est apparu en premier sur <a rel=\"nofollow\" href=\"https:\/\/www.elwatan.com\/\">El Watan<\/a>.<\/p>\n<\/div>\n<p>Auteur: Mohand Yahiaoui<br \/>\n<a href=\"https:\/\/www.elwatan.com\/edition\/actualite\/affaire-condor-le-proces-reporte-au-8-novembre-prochain-25-10-2021\">Cliquez ici pour lire l&rsquo;article depuis sa source.<\/a><\/p>\n","protected":false},"excerpt":{"rendered":"<p>Le p\u00f4le p\u00e9nal financier et \u00e9conomique pr\u00e8s le tribunal de Sidi M\u2019hamed (Cour d\u2019Alger) a report\u00e9 lundi 25 octobre le proc\u00e8s des propri\u00e9taires du groupe Condor, en l\u2019occurrence les fr\u00e8res Benhamadi, au 8 novembre prochain sur demande de la D\u00e9fense. Les propri\u00e9taires du groupe et les coaccus\u00e9s sont poursuivis pour notamment \u00ab\u00a0blanchiment d\u2019argent et dilapidation [&hellip;]<\/p>\n","protected":false},"author":1743,"featured_media":0,"comment_status":"closed","ping_status":"closed","sticky":false,"template":"","format":"standard","meta":{"fifu_image_url":"https:\/\/www.elwatan.com\/wp-content\/uploads\/2018\/09\/condor-...ifa_.jpg","fifu_image_alt":"Affaire Condor : Le proc\u00e8s report\u00e9 au 8 novembre prochain","footnotes":""},"categories":[73,53],"tags":[],"class_list":["post-130937","post","type-post","status-publish","format-standard","hentry","category-actualite","category-algerie"],"_links":{"self":[{"href":"https:\/\/linitiative.ca\/International\/wp-json\/wp\/v2\/posts\/130937","targetHints":{"allow":["GET"]}}],"collection":[{"href":"https:\/\/linitiative.ca\/International\/wp-json\/wp\/v2\/posts"}],"about":[{"href":"https:\/\/linitiative.ca\/International\/wp-json\/wp\/v2\/types\/post"}],"author":[{"embeddable":true,"href":"https:\/\/linitiative.ca\/International\/wp-json\/wp\/v2\/users\/1743"}],"replies":[{"embeddable":true,"href":"https:\/\/linitiative.ca\/International\/wp-json\/wp\/v2\/comments?post=130937"}],"version-history":[{"count":0,"href":"https:\/\/linitiative.ca\/International\/wp-json\/wp\/v2\/posts\/130937\/revisions"}],"wp:attachment":[{"href":"https:\/\/linitiative.ca\/International\/wp-json\/wp\/v2\/media?parent=130937"}],"wp:term":[{"taxonomy":"category","embeddable":true,"href":"https:\/\/linitiative.ca\/International\/wp-json\/wp\/v2\/categories?post=130937"},{"taxonomy":"post_tag","embeddable":true,"href":"https:\/\/linitiative.ca\/International\/wp-json\/wp\/v2\/tags?post=130937"}],"curies":[{"name":"wp","href":"https:\/\/api.w.org\/{rel}","templated":true}]}}