{"id":130939,"date":"2021-10-25T07:12:58","date_gmt":"2021-10-25T11:12:58","guid":{"rendered":"https:\/\/linitiative.ca\/International\/detention-provisoire-prolongee-pour-fethi-ghares\/"},"modified":"2021-10-25T07:12:58","modified_gmt":"2021-10-25T11:12:58","slug":"detention-provisoire-prolongee-pour-fethi-ghares","status":"publish","type":"post","link":"https:\/\/linitiative.ca\/International\/detention-provisoire-prolongee-pour-fethi-ghares\/","title":{"rendered":"D\u00e9tention provisoire prolong\u00e9e pour Fethi Ghares\u00a0"},"content":{"rendered":"<div>\n<div class=\"sriret\"><img loading=\"lazy\" decoding=\"async\" width=\"960\" height=\"736\" src=\"https:\/\/linitiative.ca\/International\/wp-content\/uploads\/sites\/23\/2021\/10\/ghares-e1609755568488.jpg\" class=\"attachment-featured_large size-featured_large wp-post-image\" alt=\"Fethi Ghares. Coordinateur national du Mouvement d\u00e9mocratique et social (MDS)\" style=\"margin-bottom: 15px;\" srcset=\"https:\/\/linitiative.ca\/International\/wp-content\/uploads\/sites\/23\/2021\/10\/ghares-e1609755568488.jpg 960w, https:\/\/www.elwatan.com\/wp-content\/uploads\/2021\/01\/ghares-e1609755568488-300x230.jpg 300w, https:\/\/www.elwatan.com\/wp-content\/uploads\/2021\/01\/ghares-e1609755568488-768x589.jpg 768w\" sizes=\"auto, (max-width: 960px) 100vw, 960px\"><\/div>\n<p>Le juge d\u2019instruction pr\u00e8s le tribunal de Bab El Oued (Hammamet) a d\u00e9cid\u00e9, aujourd\u2019hui lundi 25 octobre, de prolonger la d\u00e9tention provisoire du coordinateur du Mouvement d\u00e9mocratique et social (MDS), Fethi Ghares, pour quatre autres mois, comme indiqu\u00e9 par l\u2019avocat Abdelghani Badi.<\/p>\n<p>Arr\u00eat\u00e9 le 30 juin dernier, avant qu\u2019il ne soit mis sous mandat de d\u00e9p\u00f4t le 1er juillet, Ghares est en attente de la programmation de son proc\u00e8s. Les demandes formul\u00e9es par ses avocats pour une lib\u00e9ration provisoire ont toutes \u00e9t\u00e9 rejet\u00e9es.<\/p>\n<p>Le coordinateur du MDS est poursuivi pour \u00abatteinte \u00e0 la personne du pr\u00e9sident de la R\u00e9publique\u00bb, \u00aboutrage \u00e0 corps constitu\u00e9\u00bb, \u00abdiffusion au public des publications pouvant porter atteinte \u00e0 l\u2019int\u00e9r\u00eat national\u00bb, \u00abdiffusion d\u2019informations pouvant porter atteinte \u00e0 l\u2019unit\u00e9 nationale\u00bb et \u00abdiffusion d\u2019informations pouvant porter atteinte \u00e0 l\u2019ordre public\u00bb.<\/p>\n<p style=\"text-align: right;\">R\u00e9daction web<\/p>\n<p>L\u2019article <a rel=\"nofollow\" href=\"https:\/\/www.elwatan.com\/edition\/actualite\/detention-provisoire-prolongee-pour-fethi-ghares-25-10-2021\">D\u00e9tention provisoire prolong\u00e9e pour Fethi Ghares\u00a0<\/a> est apparu en premier sur <a rel=\"nofollow\" href=\"https:\/\/www.elwatan.com\/\">El Watan<\/a>.<\/p>\n<\/div>\n<p>Auteur: Mohand Yahiaoui<br \/>\n<a href=\"https:\/\/www.elwatan.com\/edition\/actualite\/detention-provisoire-prolongee-pour-fethi-ghares-25-10-2021\">Cliquez ici pour lire l&rsquo;article depuis sa source.<\/a><\/p>\n","protected":false},"excerpt":{"rendered":"<p>Le juge d\u2019instruction pr\u00e8s le tribunal de Bab El Oued (Hammamet) a d\u00e9cid\u00e9, aujourd\u2019hui lundi 25 octobre, de prolonger la d\u00e9tention provisoire du coordinateur du Mouvement d\u00e9mocratique et social (MDS), Fethi Ghares, pour quatre autres mois, comme indiqu\u00e9 par l\u2019avocat Abdelghani Badi. Arr\u00eat\u00e9 le 30 juin dernier, avant qu\u2019il ne soit mis sous mandat de [&hellip;]<\/p>\n","protected":false},"author":1743,"featured_media":0,"comment_status":"closed","ping_status":"closed","sticky":false,"template":"","format":"standard","meta":{"fifu_image_url":"https:\/\/www.elwatan.com\/wp-content\/uploads\/2021\/01\/ghares-e1609755568488.jpg","fifu_image_alt":"D\u00e9tention provisoire prolong\u00e9e pour Fethi Ghares\u00a0","footnotes":""},"categories":[73,53],"tags":[],"class_list":["post-130939","post","type-post","status-publish","format-standard","hentry","category-actualite","category-algerie"],"_links":{"self":[{"href":"https:\/\/linitiative.ca\/International\/wp-json\/wp\/v2\/posts\/130939","targetHints":{"allow":["GET"]}}],"collection":[{"href":"https:\/\/linitiative.ca\/International\/wp-json\/wp\/v2\/posts"}],"about":[{"href":"https:\/\/linitiative.ca\/International\/wp-json\/wp\/v2\/types\/post"}],"author":[{"embeddable":true,"href":"https:\/\/linitiative.ca\/International\/wp-json\/wp\/v2\/users\/1743"}],"replies":[{"embeddable":true,"href":"https:\/\/linitiative.ca\/International\/wp-json\/wp\/v2\/comments?post=130939"}],"version-history":[{"count":0,"href":"https:\/\/linitiative.ca\/International\/wp-json\/wp\/v2\/posts\/130939\/revisions"}],"wp:attachment":[{"href":"https:\/\/linitiative.ca\/International\/wp-json\/wp\/v2\/media?parent=130939"}],"wp:term":[{"taxonomy":"category","embeddable":true,"href":"https:\/\/linitiative.ca\/International\/wp-json\/wp\/v2\/categories?post=130939"},{"taxonomy":"post_tag","embeddable":true,"href":"https:\/\/linitiative.ca\/International\/wp-json\/wp\/v2\/tags?post=130939"}],"curies":[{"name":"wp","href":"https:\/\/api.w.org\/{rel}","templated":true}]}}