{"id":130941,"date":"2021-10-25T09:14:29","date_gmt":"2021-10-25T13:14:29","guid":{"rendered":"https:\/\/linitiative.ca\/International\/intemperies-la-protection-civile-appelle-a-plus-de-vigilance\/"},"modified":"2021-10-25T09:14:29","modified_gmt":"2021-10-25T13:14:29","slug":"intemperies-la-protection-civile-appelle-a-plus-de-vigilance","status":"publish","type":"post","link":"https:\/\/linitiative.ca\/International\/intemperies-la-protection-civile-appelle-a-plus-de-vigilance\/","title":{"rendered":"Intemp\u00e9ries : La Protection civile appelle \u00e0 plus de vigilance"},"content":{"rendered":"<div>\n<div class=\"sriret\"><img loading=\"lazy\" decoding=\"async\" width=\"600\" height=\"450\" src=\"https:\/\/linitiative.ca\/International\/wp-content\/uploads\/sites\/23\/2021\/10\/DES-INONDATIONS-e1567474229332.jpg\" class=\"attachment-featured_large size-featured_large wp-post-image\" alt=\"Skikda au lendemain des inondations : D\u00e9solation, col\u00e8re et barricades\" style=\"margin-bottom: 15px;\"><\/div>\n<p>La direction g\u00e9n\u00e9rale de la Protection civile a appel\u00e9 les citoyens \u00e0 plus de prudence et de vigilance, notamment durant les conditions m\u00e9t\u00e9orologiques marqu\u00e9es par des chutes de pluies consid\u00e9rables provoquant des inondations et d\u00e9bordements des oueds.<\/p>\n<p>Il s\u2019agit plus particuli\u00e8rement de suivre les bulletins m\u00e9t\u00e9orologiques sp\u00e9ciaux (BMS), d\u2019enlever les restes des mat\u00e9riaux de construction et de ne jamais s\u2019aventurer de traverser les torrents et les crues \u00e0 bord des v\u00e9hicules.<\/p>\n<p>La Protection civile conseille \u00e9galement de s\u2019\u00e9loigner des oueds et des bordures des oueds, de surveiller les enfants, de ne pas prendre les tr\u00e9mies et les tunnels comme des abris ou d\u2019\u00eatre sur les ponts durant la crue.<\/p>\n<p>En outre, la Protection civile pr\u00e9cise que les hauteurs \u00e9taient des endroits \u00ab\u00a0plus s\u00fbrs\u00a0\u00bb, tout en recommandant d\u2019accompagner les enfants, surtout en bas \u00e2ge, et choisir l\u2019itin\u00e9raire le \u00ab\u00a0plus s\u00fbr\u00a0\u00bb pour leur destination.<\/p>\n<p>La Protection civile recommande aussi de pr\u00eater \u00ab\u00a0une attention particuli\u00e8re\u00a0\u00bb aux fils et poteaux \u00e9lectriques, ainsi que les arbres, le risque d\u2019\u00eatre d\u00e9racin\u00e9s par les vents violents, ajoutant qu\u2019en cas d\u2019infiltration d\u2019eau dans les maisons, il faut couper le courant \u00e9lectrique et contacter la Protection civile sur les num\u00e9ros verts 1021 et 14.<\/p>\n<p style=\"text-align: right;\">APS<\/p>\n<p>L\u2019article <a rel=\"nofollow\" href=\"https:\/\/www.elwatan.com\/edition\/actualite\/intemperies-la-protection-civile-appelle-a-plus-de-vigilance-25-10-2021\">Intemp\u00e9ries : La Protection civile appelle \u00e0 plus de vigilance<\/a> est apparu en premier sur <a rel=\"nofollow\" href=\"https:\/\/www.elwatan.com\/\">El Watan<\/a>.<\/p>\n<\/div>\n<p>Auteur: Mohand Yahiaoui<br \/>\n<a href=\"https:\/\/www.elwatan.com\/edition\/actualite\/intemperies-la-protection-civile-appelle-a-plus-de-vigilance-25-10-2021\">Cliquez ici pour lire l&rsquo;article depuis sa source.<\/a><\/p>\n","protected":false},"excerpt":{"rendered":"<p>La direction g\u00e9n\u00e9rale de la Protection civile a appel\u00e9 les citoyens \u00e0 plus de prudence et de vigilance, notamment durant les conditions m\u00e9t\u00e9orologiques marqu\u00e9es par des chutes de pluies consid\u00e9rables provoquant des inondations et d\u00e9bordements des oueds. Il s\u2019agit plus particuli\u00e8rement de suivre les bulletins m\u00e9t\u00e9orologiques sp\u00e9ciaux (BMS), d\u2019enlever les restes des mat\u00e9riaux de construction [&hellip;]<\/p>\n","protected":false},"author":1743,"featured_media":0,"comment_status":"closed","ping_status":"closed","sticky":false,"template":"","format":"standard","meta":{"fifu_image_url":"https:\/\/www.elwatan.com\/wp-content\/uploads\/2019\/09\/DES-INONDATIONS-e1567474229332.jpg","fifu_image_alt":"Intemp\u00e9ries : La Protection civile appelle \u00e0 plus de vigilance","footnotes":""},"categories":[73,53],"tags":[],"class_list":["post-130941","post","type-post","status-publish","format-standard","hentry","category-actualite","category-algerie"],"_links":{"self":[{"href":"https:\/\/linitiative.ca\/International\/wp-json\/wp\/v2\/posts\/130941","targetHints":{"allow":["GET"]}}],"collection":[{"href":"https:\/\/linitiative.ca\/International\/wp-json\/wp\/v2\/posts"}],"about":[{"href":"https:\/\/linitiative.ca\/International\/wp-json\/wp\/v2\/types\/post"}],"author":[{"embeddable":true,"href":"https:\/\/linitiative.ca\/International\/wp-json\/wp\/v2\/users\/1743"}],"replies":[{"embeddable":true,"href":"https:\/\/linitiative.ca\/International\/wp-json\/wp\/v2\/comments?post=130941"}],"version-history":[{"count":0,"href":"https:\/\/linitiative.ca\/International\/wp-json\/wp\/v2\/posts\/130941\/revisions"}],"wp:attachment":[{"href":"https:\/\/linitiative.ca\/International\/wp-json\/wp\/v2\/media?parent=130941"}],"wp:term":[{"taxonomy":"category","embeddable":true,"href":"https:\/\/linitiative.ca\/International\/wp-json\/wp\/v2\/categories?post=130941"},{"taxonomy":"post_tag","embeddable":true,"href":"https:\/\/linitiative.ca\/International\/wp-json\/wp\/v2\/tags?post=130941"}],"curies":[{"name":"wp","href":"https:\/\/api.w.org\/{rel}","templated":true}]}}